{"id":10866,"date":"2020-04-08T22:14:20","date_gmt":"2020-04-09T03:14:20","guid":{"rendered":"http:\/\/www.zonaroja.com.mx\/?p=10866"},"modified":"2020-04-08T22:14:25","modified_gmt":"2020-04-09T03:14:25","slug":"asegura-policia-estatal-a-personas-que-saquearon-trailer-de-abarrotes","status":"publish","type":"post","link":"https:\/\/zonaroja.com.mx\/?p=10866","title":{"rendered":"Asegura Polic\u00eda Estatal a personas que saquearon tr\u00e1iler de abarrotes"},"content":{"rendered":"\n<p>Redacci\u00f3n\/Zona Roja.<\/p>\n\n\n\n<p>Oaxaca de Ju\u00e1rez, Oax. 8 de abril de\n2020. La Secretar\u00eda de Seguridad P\u00fablica de Oaxaca (SSPO) dio a conocer que\nefectivos de la Polic\u00eda Estatal procedieron a detener a cinco personas por\nprobables responsables de saquear un tr\u00e1iler de abarrotes en San Pedro\nPochutla.<\/p>\n\n\n\n<p>El hecho se registr\u00f3 cuando fuerzas\nestatales realizaban sus labores diarias de seguridad, mismos que recibieron\nuna denuncia que en la carretera federal 200 a la altura de la comunidad,\nTahueca, perteneciente a dicho municipio; se encontraban saqueando un tr\u00e1iler\nde la empresa Auto Express \u201cCosta Sur\u00bb S.A de C.V.<\/p>\n\n\n\n<p>Cabe mencionar que al dirigirse al\nlugar, los uniformados se percataron que en sentido contrario circulaba una\ncamioneta marca Chevrolet Lub, color guinda, con placas de circulaci\u00f3n M89ZUX\nde la Ciudad de M\u00e9xico, llena de mercanc\u00eda&nbsp;\ny en la que viajan con el rostro cubierto J. \u201cN\u00bb, K. \u201cN\u00bb, E.\n\u201cN\u00bb, J. \u201cN\u00bb Y E.\u201dN\u201d.<\/p>\n\n\n\n<p>Por tal motivo y de acuerdo a lo\ndescrito por el conductor del tr\u00e1iler, se procedi\u00f3 al aseguramiento de la\nunidad de motor; as\u00ed como, de referidas personas, quienes fueron puestas a\ndisposici\u00f3n de la autoridad correspondiente, quien determinar\u00e1 su situaci\u00f3n\njur\u00eddica conforme a derecho.<\/p>\n","protected":false},"excerpt":{"rendered":"<p>Redacci\u00f3n\/Zona Roja. Oaxaca de Ju\u00e1rez, Oax. 8 de abril de 2020. La Secretar\u00eda de Seguridad&hellip;<\/p>\n","protected":false},"author":2,"featured_media":10867,"comment_status":"closed","ping_status":"open","sticky":false,"template":"","format":"standard","meta":{"_lmt_disableupdate":"","_lmt_disable":"","_jetpack_memberships_contains_paid_content":false,"footnotes":""},"categories":[109,47],"tags":[175],"class_list":["post-10866","post","type-post","status-publish","format-standard","has-post-thumbnail","hentry","category-minuto-a-minuto","category-zona-gris","tag-secretaria-de-seguridad-publica-de-oaxaca"],"jetpack_featured_media_url":"https:\/\/zonaroja.com.mx\/wp-content\/uploads\/2020\/04\/Robo-tr\u00e1iler-Costa.jpg","jetpack_sharing_enabled":true,"_links":{"self":[{"href":"https:\/\/zonaroja.com.mx\/index.php?rest_route=\/wp\/v2\/posts\/10866","targetHints":{"allow":["GET"]}}],"collection":[{"href":"https:\/\/zonaroja.com.mx\/index.php?rest_route=\/wp\/v2\/posts"}],"about":[{"href":"https:\/\/zonaroja.com.mx\/index.php?rest_route=\/wp\/v2\/types\/post"}],"author":[{"embeddable":true,"href":"https:\/\/zonaroja.com.mx\/index.php?rest_route=\/wp\/v2\/users\/2"}],"replies":[{"embeddable":true,"href":"https:\/\/zonaroja.com.mx\/index.php?rest_route=%2Fwp%2Fv2%2Fcomments&post=10866"}],"version-history":[{"count":1,"href":"https:\/\/zonaroja.com.mx\/index.php?rest_route=\/wp\/v2\/posts\/10866\/revisions"}],"predecessor-version":[{"id":10868,"href":"https:\/\/zonaroja.com.mx\/index.php?rest_route=\/wp\/v2\/posts\/10866\/revisions\/10868"}],"wp:featuredmedia":[{"embeddable":true,"href":"https:\/\/zonaroja.com.mx\/index.php?rest_route=\/wp\/v2\/media\/10867"}],"wp:attachment":[{"href":"https:\/\/zonaroja.com.mx\/index.php?rest_route=%2Fwp%2Fv2%2Fmedia&parent=10866"}],"wp:term":[{"taxonomy":"category","embeddable":true,"href":"https:\/\/zonaroja.com.mx\/index.php?rest_route=%2Fwp%2Fv2%2Fcategories&post=10866"},{"taxonomy":"post_tag","embeddable":true,"href":"https:\/\/zonaroja.com.mx\/index.php?rest_route=%2Fwp%2Fv2%2Ftags&post=10866"}],"curies":[{"name":"wp","href":"https:\/\/api.w.org\/{rel}","templated":true}]}}