{"id":10872,"date":"2020-04-09T08:50:32","date_gmt":"2020-04-09T13:50:32","guid":{"rendered":"http:\/\/www.zonaroja.com.mx\/?p=10872"},"modified":"2020-04-09T08:50:36","modified_gmt":"2020-04-09T13:50:36","slug":"da-poder-judicial-atencion-prioritaria-a-casos-de-violencia-de-genero-familiar-y-penal","status":"publish","type":"post","link":"https:\/\/zonaroja.com.mx\/?p=10872","title":{"rendered":"Da Poder Judicial atenci\u00f3n prioritaria a casos de violencia de g\u00e9nero, familiar y penal"},"content":{"rendered":"\n<p>Redacci\u00f3n\/Zona Roja.<\/p>\n\n\n\n<p>Oaxaca de Ju\u00e1rez, Oax., 9 de abril de\n2020.- Para la tramitaci\u00f3n de casos urgentes como juicios de alimentos,\ntr\u00e1mites sobre el pago o el cumplimiento de pensiones alimenticias y la entrega\no transferencia de este derecho por ley, as\u00ed como el seguimiento a juicios,\nprocedimientos o aquellos relacionados con actos de violencia contra la mujer,\nni\u00f1as, ni\u00f1os y adolescentes, el Poder Judicial del Estado mantiene personal de\nguardia en los juzgados de toda la entidad.<\/p>\n\n\n\n<p>En un comunicado, inform\u00f3 que por acuerdo\nconjunto de los plenos del Tribunal Superior de Justicia y del Consejo de la\nJudicatura, se da atenci\u00f3n tambi\u00e9n a los asuntos de guarda, custodia o dep\u00f3sito\nde menores; separaci\u00f3n provisional de c\u00f3nyuges o de personas; \u00f3rdenes de\nprotecci\u00f3n y actos relacionados con el r\u00e9gimen de visitas o de convivencia\nfamiliar.<\/p>\n\n\n\n<p>De igual forma en aquellos casos en los\nque el juez o jueza considere que debe ser de atenci\u00f3n inmediata por estar en\njuego derechos esenciales para la seguridad y subsistencia de las mujeres,\nni\u00f1as, ni\u00f1os y adolescentes, entre otros sectores de vulnerabilidad, como las\npersonas con discapacidad, de la tercera edad o ind\u00edgenas.<\/p>\n\n\n\n<p>Los plenos del Tribunal Superior de\nJusticia y del Consejo de la Judicatura, que preside el magistrado Eduardo\nPinacho S\u00e1nchez, en sesi\u00f3n conjunta refrendaron que ante la contingencia sanitaria\nque se vive en el pa\u00eds, la prioridad de atenci\u00f3n es la protecci\u00f3n de los\nderechos relativos a la familia, mujeres, ni\u00f1as, ni\u00f1os y adolescentes.<\/p>\n\n\n\n<p>Por ello, desde el primer momento en el\nque se adoptaron las medidas de prevenci\u00f3n, se determin\u00f3 que en los asuntos en\nlas materias de violencia de g\u00e9nero, familiar y penal se dicten con toda\nprontitud las providencias, acuerdos o resoluciones provisionales, cautelares o\nde protecci\u00f3n necesarias y que legalmente procedan.<\/p>\n\n\n\n<p>Por otra parte, el Poder Judicial del\nEstado implement\u00f3 la l\u00ednea de atenci\u00f3n telef\u00f3nica 800 719 22 32 para brindar\n\u00e1gil atenci\u00f3n a la ciudadan\u00eda sobre los servicios que se suspenden, los que\ncontin\u00faan vigentes en esta etapa de contingencia, as\u00ed como para tomar las\ndecisiones pr\u00e1cticas que resulten conducentes sobre la atenci\u00f3n de los asuntos\nurgentes en materia Familiar y Penal.<\/p>\n\n\n\n<p>Respecto al r\u00e9gimen de visitas y\nconvivencias, en las que no sea conveniente para la salud de las mujeres,\nni\u00f1as, ni\u00f1os o adolescentes llevarlas a cabo por la contingencia sanitaria, el\njuez en turno o que conozca del asunto deber establecer alternativas para no\nsuspender este derecho de la ni\u00f1ez, entre ellas, el uso de tecnolog\u00edas de la\ninformaci\u00f3n como llamadas o videollamadas.<\/p>\n\n\n\n<p>En materia penal, el Poder Judicial\ntambi\u00e9n instruy\u00f3 dar continuidad a las labores de los Juzgados de Control,\nprincipalmente para temas de atenci\u00f3n urgente y los relacionados con los grupos\nvulnerados.<\/p>\n","protected":false},"excerpt":{"rendered":"<p>Redacci\u00f3n\/Zona Roja. Oaxaca de Ju\u00e1rez, Oax., 9 de abril de 2020.- Para la tramitaci\u00f3n de&hellip;<\/p>\n","protected":false},"author":2,"featured_media":10873,"comment_status":"closed","ping_status":"open","sticky":false,"template":"","format":"standard","meta":{"_lmt_disableupdate":"","_lmt_disable":"","_jetpack_memberships_contains_paid_content":false,"footnotes":""},"categories":[109,46],"tags":[1369],"class_list":["post-10872","post","type-post","status-publish","format-standard","has-post-thumbnail","hentry","category-minuto-a-minuto","category-zona-blanca","tag-tribunal-superior-de-justicia-de-oaxacatsejo"],"jetpack_featured_media_url":"https:\/\/zonaroja.com.mx\/wp-content\/uploads\/2020\/04\/AVISOS-JUZGADOS.jpeg","jetpack_sharing_enabled":true,"_links":{"self":[{"href":"https:\/\/zonaroja.com.mx\/index.php?rest_route=\/wp\/v2\/posts\/10872","targetHints":{"allow":["GET"]}}],"collection":[{"href":"https:\/\/zonaroja.com.mx\/index.php?rest_route=\/wp\/v2\/posts"}],"about":[{"href":"https:\/\/zonaroja.com.mx\/index.php?rest_route=\/wp\/v2\/types\/post"}],"author":[{"embeddable":true,"href":"https:\/\/zonaroja.com.mx\/index.php?rest_route=\/wp\/v2\/users\/2"}],"replies":[{"embeddable":true,"href":"https:\/\/zonaroja.com.mx\/index.php?rest_route=%2Fwp%2Fv2%2Fcomments&post=10872"}],"version-history":[{"count":1,"href":"https:\/\/zonaroja.com.mx\/index.php?rest_route=\/wp\/v2\/posts\/10872\/revisions"}],"predecessor-version":[{"id":10874,"href":"https:\/\/zonaroja.com.mx\/index.php?rest_route=\/wp\/v2\/posts\/10872\/revisions\/10874"}],"wp:featuredmedia":[{"embeddable":true,"href":"https:\/\/zonaroja.com.mx\/index.php?rest_route=\/wp\/v2\/media\/10873"}],"wp:attachment":[{"href":"https:\/\/zonaroja.com.mx\/index.php?rest_route=%2Fwp%2Fv2%2Fmedia&parent=10872"}],"wp:term":[{"taxonomy":"category","embeddable":true,"href":"https:\/\/zonaroja.com.mx\/index.php?rest_route=%2Fwp%2Fv2%2Fcategories&post=10872"},{"taxonomy":"post_tag","embeddable":true,"href":"https:\/\/zonaroja.com.mx\/index.php?rest_route=%2Fwp%2Fv2%2Ftags&post=10872"}],"curies":[{"name":"wp","href":"https:\/\/api.w.org\/{rel}","templated":true}]}}