{"id":10875,"date":"2020-04-09T09:16:19","date_gmt":"2020-04-09T14:16:19","guid":{"rendered":"http:\/\/www.zonaroja.com.mx\/?p=10875"},"modified":"2020-04-09T09:16:22","modified_gmt":"2020-04-09T14:16:22","slug":"justicia-con-perspectiva-de-genero-para-maria-elena-demandan-legisladores-de-morena","status":"publish","type":"post","link":"https:\/\/zonaroja.com.mx\/?p=10875","title":{"rendered":"Justicia con perspectiva de g\u00e9nero para Mar\u00eda Elena, demandan legisladores de Morena"},"content":{"rendered":"\n<p>Redacci\u00f3n\/Zona Roja.<\/p>\n\n\n\n<p>Oaxaca de Ju\u00e1re, Oax., 9 de abril de\n2020.- Diputados de la fracci\u00f3n parlamentaria del Partido Morena en la 64\nLegislatura del Congreso de Oaxaca, urgieron al Poder Judicial del Estado a\nabordar el juicio contra Juan Antonio V. C. con perspectiva de g\u00e9nero, con el\nfin de garantizar que haya justicia y evitar que permanezca la impunidad.<\/p>\n\n\n\n<p>Asimismo, solicit\u00f3 al presidente del\nTribunal Superior de Justicia del Estado, Eduardo Pinacho S\u00e1nchez, garantizar\nque el juez actuar\u00e1 con perspectiva de derechos humanos, pues se trata de un\ndelito cometido por raz\u00f3n de g\u00e9nero, y dictar prisi\u00f3n preventiva oficiosa,\nvista la capacidad del acusado de evadir la acci\u00f3n de la justicia durante los\n\u00faltimos meses.<\/p>\n\n\n\n<p>El presidente de la Junta de Coordinaci\u00f3n\nPol\u00edtica de la 64 Legislatura y Coordinador del Grupo Parlamentario de Morena,\nHoracio Sosa Villavicencio, manifest\u00f3 su confianza en que las autoridades\njudiciales no permitir\u00e1n que persista la impunidad y har\u00e1n justicia para la\njoven saxofonista mixteca, demostrando que ese tipo de conductas ya no son\npermisibles en el estado de Oaxaca.<\/p>\n\n\n\n<p>En sentido similar, la diputada\npresidenta de la Comisi\u00f3n Permanente de Igualdad de G\u00e9nero, Roc\u00edo Machuca\nRojas, se\u00f1al\u00f3 que con el abordaje de este caso, las instancias encargadas de la\nimpartici\u00f3n de justicia en el estado tienen la oportunidad de mandar un mensaje\nclaro en el sentido de que, en Oaxaca, la violencia contra las mujeres no\npermanecer\u00e1 en la impunidad.<\/p>\n\n\n\n<p>A la exigencia de justicia se sum\u00f3 la\ndeclaraci\u00f3n de la diputada presidenta de la Comisi\u00f3n Permanente de\nAdministraci\u00f3n y Procuraci\u00f3n de Justicia, Elisa Zepeda Lagunas, quien expres\u00f3\nque el proceso contra el acusado debe tener como objetivo principal la\njusticia, sin que \u00e9sta dependa de acuerdos o negociaciones pol\u00edticas.<\/p>\n\n\n\n<p>De igual forma, la presidenta de la\nComisi\u00f3n Permanente de Derechos Humanos, Magaly L\u00f3pez Dom\u00ednguez, expres\u00f3 que\nlos \u00f3rganos encargados de impartir justicia tienen la oportunidad, en este\ncaso, de mostrar su independencia e imparcialidad, en tanto que la sociedad\noaxaque\u00f1a est\u00e1 indignada por la agresi\u00f3n a la joven saxofonista.<\/p>\n\n\n\n<p>Las diputadas y los diputados de Morena\nse\u00f1alaron que permanecer\u00e1n vigilantes del proceso legal por la agresi\u00f3n a Mar\u00eda\nElena R\u00edos, externaron su solidaridad a la joven agraviada y a sus familiares,\ny manifestaron que no se debe tolerar que la corrupci\u00f3n se imponga a la\njusticia.<\/p>\n","protected":false},"excerpt":{"rendered":"<p>Redacci\u00f3n\/Zona Roja. Oaxaca de Ju\u00e1re, Oax., 9 de abril de 2020.- Diputados de la fracci\u00f3n&hellip;<\/p>\n","protected":false},"author":2,"featured_media":6686,"comment_status":"closed","ping_status":"open","sticky":false,"template":"","format":"standard","meta":{"_lmt_disableupdate":"","_lmt_disable":"","_jetpack_memberships_contains_paid_content":false,"footnotes":""},"categories":[109,47],"tags":[1144,1124],"class_list":["post-10875","post","type-post","status-publish","format-standard","has-post-thumbnail","hentry","category-minuto-a-minuto","category-zona-gris","tag-juan-antonio-vera-carrizal","tag-maria-elena-rios-ortiz"],"jetpack_featured_media_url":"https:\/\/zonaroja.com.mx\/wp-content\/uploads\/2019\/12\/Vera-Carrizal-y-Mar\u00eda-Elena.jpg","jetpack_sharing_enabled":true,"_links":{"self":[{"href":"https:\/\/zonaroja.com.mx\/index.php?rest_route=\/wp\/v2\/posts\/10875","targetHints":{"allow":["GET"]}}],"collection":[{"href":"https:\/\/zonaroja.com.mx\/index.php?rest_route=\/wp\/v2\/posts"}],"about":[{"href":"https:\/\/zonaroja.com.mx\/index.php?rest_route=\/wp\/v2\/types\/post"}],"author":[{"embeddable":true,"href":"https:\/\/zonaroja.com.mx\/index.php?rest_route=\/wp\/v2\/users\/2"}],"replies":[{"embeddable":true,"href":"https:\/\/zonaroja.com.mx\/index.php?rest_route=%2Fwp%2Fv2%2Fcomments&post=10875"}],"version-history":[{"count":1,"href":"https:\/\/zonaroja.com.mx\/index.php?rest_route=\/wp\/v2\/posts\/10875\/revisions"}],"predecessor-version":[{"id":10876,"href":"https:\/\/zonaroja.com.mx\/index.php?rest_route=\/wp\/v2\/posts\/10875\/revisions\/10876"}],"wp:featuredmedia":[{"embeddable":true,"href":"https:\/\/zonaroja.com.mx\/index.php?rest_route=\/wp\/v2\/media\/6686"}],"wp:attachment":[{"href":"https:\/\/zonaroja.com.mx\/index.php?rest_route=%2Fwp%2Fv2%2Fmedia&parent=10875"}],"wp:term":[{"taxonomy":"category","embeddable":true,"href":"https:\/\/zonaroja.com.mx\/index.php?rest_route=%2Fwp%2Fv2%2Fcategories&post=10875"},{"taxonomy":"post_tag","embeddable":true,"href":"https:\/\/zonaroja.com.mx\/index.php?rest_route=%2Fwp%2Fv2%2Ftags&post=10875"}],"curies":[{"name":"wp","href":"https:\/\/api.w.org\/{rel}","templated":true}]}}