{"id":10885,"date":"2020-04-09T12:47:50","date_gmt":"2020-04-09T17:47:50","guid":{"rendered":"http:\/\/www.zonaroja.com.mx\/?p=10885"},"modified":"2020-04-09T12:47:53","modified_gmt":"2020-04-09T17:47:53","slug":"descarta-ioam-retorno-masivo-de-migrantes-a-oaxaca","status":"publish","type":"post","link":"https:\/\/zonaroja.com.mx\/?p=10885","title":{"rendered":"Descarta IOAM retorno masivo de migrantes a Oaxaca"},"content":{"rendered":"\n<p>Yuridiana Sosa\/Zona Roja<\/p>\n\n\n\n<p>Oaxaca de Ju\u00e1rez, Oax., 9 de marzo de\n2020.- A m\u00e1s de un mes de comenzar la propagaci\u00f3n de casos de Covid-19 en\nEstados Unidos, el Instituto Oaxaque\u00f1o de Atenci\u00f3n al Migrante (IOAM) inform\u00f3\nque hasta ayer no exist\u00edan alertamientos o notificaciones de alg\u00fan migrante enfermo\npor este virus, tanto en el extranjero como en territorio estatal.<\/p>\n\n\n\n<p>La titular de la dependencia, A\u00edda Ruiz\nGarc\u00eda, indic\u00f3 que ante la existencia de alg\u00fan fallecimiento de un connacional\npor Covid-19, se acatar\u00e1n las disposiciones sanitarias que el gobierno norteamericano\nemita sobre el cuerpo de la v\u00edctima.<\/p>\n\n\n\n<p>Ante la oleada de casos y a pesar de\nlas afectaciones laborales en el pa\u00eds vecino, descart\u00f3 tambi\u00e9n el retorno\ninusual o masivo de connacionales relacionado a esas circunstancias.<\/p>\n\n\n\n<p>Para evitar el tr\u00e1nsito del virus y la\npropagaci\u00f3n de contagios, desde el IOAM se exhort\u00f3 a las familias de los\nmigrantes a evitar el \u00e1rea de la frontera, as\u00ed como los viajes de cualquier\ntipo, con el fin de priorizar la salud de las familias.<\/p>\n\n\n\n<p>En cuanto al impacto de las remesas\npara la entidad durante , A\u00edda Ruiz, subray\u00f3 esta disminuci\u00f3n ya estimada por\nBBVA M\u00e9xico para el 2020 en un 17 por ciento, al pasar de 36 mil millones\nregistrados en el 2019 29 mil 900 millones de d\u00f3lares.<\/p>\n\n\n\n<p>El Banco de M\u00e9xico report\u00f3 que Oaxaca\nocup\u00f3 hasta el mes de septiembre de 2019 el quinto lugar en env\u00edos de dinero a\nsus familiares, con un total de mil 361.6 millones de d\u00f3lares, por arriba de\nlos estados de Puebla, Guerrero y Ciudad de M\u00e9xico, inform\u00f3 el Instituto\nOaxaque\u00f1o de Atenci\u00f3n al Migrante (IOAM).<\/p>\n","protected":false},"excerpt":{"rendered":"<p>Yuridiana Sosa\/Zona Roja Oaxaca de Ju\u00e1rez, Oax., 9 de marzo de 2020.- A m\u00e1s de&hellip;<\/p>\n","protected":false},"author":2,"featured_media":7599,"comment_status":"closed","ping_status":"open","sticky":false,"template":"","format":"standard","meta":{"_lmt_disableupdate":"","_lmt_disable":"","_jetpack_memberships_contains_paid_content":false,"footnotes":""},"categories":[109,47],"tags":[1228],"class_list":["post-10885","post","type-post","status-publish","format-standard","has-post-thumbnail","hentry","category-minuto-a-minuto","category-zona-gris","tag-instituto-oaxaqueno-de-atencion-al-migrante"],"jetpack_featured_media_url":"https:\/\/zonaroja.com.mx\/wp-content\/uploads\/2020\/01\/migrantes2.jpg","jetpack_sharing_enabled":true,"_links":{"self":[{"href":"https:\/\/zonaroja.com.mx\/index.php?rest_route=\/wp\/v2\/posts\/10885","targetHints":{"allow":["GET"]}}],"collection":[{"href":"https:\/\/zonaroja.com.mx\/index.php?rest_route=\/wp\/v2\/posts"}],"about":[{"href":"https:\/\/zonaroja.com.mx\/index.php?rest_route=\/wp\/v2\/types\/post"}],"author":[{"embeddable":true,"href":"https:\/\/zonaroja.com.mx\/index.php?rest_route=\/wp\/v2\/users\/2"}],"replies":[{"embeddable":true,"href":"https:\/\/zonaroja.com.mx\/index.php?rest_route=%2Fwp%2Fv2%2Fcomments&post=10885"}],"version-history":[{"count":1,"href":"https:\/\/zonaroja.com.mx\/index.php?rest_route=\/wp\/v2\/posts\/10885\/revisions"}],"predecessor-version":[{"id":10886,"href":"https:\/\/zonaroja.com.mx\/index.php?rest_route=\/wp\/v2\/posts\/10885\/revisions\/10886"}],"wp:featuredmedia":[{"embeddable":true,"href":"https:\/\/zonaroja.com.mx\/index.php?rest_route=\/wp\/v2\/media\/7599"}],"wp:attachment":[{"href":"https:\/\/zonaroja.com.mx\/index.php?rest_route=%2Fwp%2Fv2%2Fmedia&parent=10885"}],"wp:term":[{"taxonomy":"category","embeddable":true,"href":"https:\/\/zonaroja.com.mx\/index.php?rest_route=%2Fwp%2Fv2%2Fcategories&post=10885"},{"taxonomy":"post_tag","embeddable":true,"href":"https:\/\/zonaroja.com.mx\/index.php?rest_route=%2Fwp%2Fv2%2Ftags&post=10885"}],"curies":[{"name":"wp","href":"https:\/\/api.w.org\/{rel}","templated":true}]}}