{"id":10887,"date":"2020-04-09T13:40:00","date_gmt":"2020-04-09T18:40:00","guid":{"rendered":"http:\/\/www.zonaroja.com.mx\/?p=10887"},"modified":"2020-04-09T13:40:03","modified_gmt":"2020-04-09T18:40:03","slug":"habria-en-oaxaca-unos-300-casos-de-coronavirus-temen-subregistro","status":"publish","type":"post","link":"https:\/\/zonaroja.com.mx\/?p=10887","title":{"rendered":"Habr\u00eda en Oaxaca unos 300 casos de coronavirus; temen subregistro"},"content":{"rendered":"\n<p>Redacci\u00f3n\/Zona Roja.<\/p>\n\n\n\n<p>Oaxaca de Ju\u00e1rez, Oax., 9 de abril de\n2020.- Si por cada caso positivo hay entre nueve y 12 no confirmados\noficialmente, Oaxaca tendr\u00eda a hoy al menos 300 casos de coronavirus Covid-19.<\/p>\n\n\n\n<p>Diversas organizaciones sociales y\nlegisladores han denunciado un subregistro de casos por parte de la Secretar\u00eda\nde Salud federal y sus respectivas instancias estatales.<\/p>\n\n\n\n<p>Anoche lo confirm\u00f3 el subsecretario de\nla Secretar\u00eda de Salud, Hugo L\u00f3pez-Gatell, quien expuso que por cada caso\nconfirmado en laboratorio se estima que la cifra real es 10 a 12 veces mayor.<\/p>\n\n\n\n<p>El funcionario explic\u00f3 en qu\u00e9 consiste\nel sistema de vigilancia centinela, el cual opera desde la semana pasada con la\nfinalidad de observar el comportamiento de la pandemia, con base en el cual es\nposible hacer c\u00e1lculos sobre lo que no se ve.<\/p>\n\n\n\n<p>Afirm\u00f3 que es un error suponer que todo\nlo que se ve existe y al rev\u00e9s tambi\u00e9n, que si no se ve, no existe.<\/p>\n\n\n\n<p>Asimismo, consider\u00f3 un error\ninterpretar que lo que se ve es lo \u00fanico que hay. Incluso en los pa\u00edses que\noptaron por realizar pruebas en forma masiva con la finalidad de identificar y\ncontar todos los casos, se debe corregir y calcular que por cada uno que se\ndetecta hay otros 10 o 12.<\/p>\n\n\n\n<p>L\u00f3pez-Gatell record\u00f3 que desde 2006\nM\u00e9xico cuenta con un m\u00e9todo probado cient\u00edficamente, que tiene fundamento en un\nmecanismo eficiente que se desarroll\u00f3 en colaboraci\u00f3n con los Centros para la\nPrevenci\u00f3n y Control de Enfermedades (CDC por sus siglas en ingl\u00e9s) de Estados\nUnidos y las organizaciones Mundial y Panamericana de la Salud (OPS\/OMS). Es el\nmismo que se utiliza para la vigilancia de la influenza.<\/p>\n\n\n\n<p>De entonces a la fecha, el sistema se\nha perfeccionado y los m\u00e9todos se han estructurado mejor, con el prop\u00f3sito de\nsaber c\u00f3mo se comporta la pandemia de Covid-19 en M\u00e9xico y, con base en ello,\ntomar las decisiones de previsi\u00f3n y control.<\/p>\n\n\n\n<p>Al mismo tiempo, agreg\u00f3, nos permite\nasumir la realidad como es y no es s\u00f3lo lo que se ve o se contabiliza. De\nhecho, dijo, con base en este modelo se determin\u00f3 el momento de iniciar las\nacciones de mitigaci\u00f3n y distanciamiento social, cuando el registro pas\u00f3 de 11\na 41 casos en cuatro d\u00edas (del 11 al 14 de marzo).<\/p>\n\n\n\n<p>Era el reconocimiento de que ya hab\u00eda\nm\u00e1s de 400 enfermos, de acuerdo con su razonamiento.<\/p>\n\n\n\n<p>Durante la explicaci\u00f3n, el\nsubsecretario mencion\u00f3 cifras diversas y del c\u00e1lculo de 10 a 12 casos m\u00e1s por\ncada uno que se confirma en cualquier pa\u00eds. Entonces se\u00f1al\u00f3 que en M\u00e9xico la\nestimaci\u00f3n es de 26 mil positivos. <\/p>\n","protected":false},"excerpt":{"rendered":"<p>Redacci\u00f3n\/Zona Roja. Oaxaca de Ju\u00e1rez, Oax., 9 de abril de 2020.- Si por cada caso&hellip;<\/p>\n","protected":false},"author":2,"featured_media":10144,"comment_status":"closed","ping_status":"open","sticky":false,"template":"","format":"standard","meta":{"_lmt_disableupdate":"","_lmt_disable":"","_jetpack_memberships_contains_paid_content":false,"footnotes":""},"categories":[109,47],"tags":[1512],"class_list":["post-10887","post","type-post","status-publish","format-standard","has-post-thumbnail","hentry","category-minuto-a-minuto","category-zona-gris","tag-coronavirus-oaxaca"],"jetpack_featured_media_url":"https:\/\/zonaroja.com.mx\/wp-content\/uploads\/2020\/03\/Coronavirus.jpg","jetpack_sharing_enabled":true,"_links":{"self":[{"href":"https:\/\/zonaroja.com.mx\/index.php?rest_route=\/wp\/v2\/posts\/10887","targetHints":{"allow":["GET"]}}],"collection":[{"href":"https:\/\/zonaroja.com.mx\/index.php?rest_route=\/wp\/v2\/posts"}],"about":[{"href":"https:\/\/zonaroja.com.mx\/index.php?rest_route=\/wp\/v2\/types\/post"}],"author":[{"embeddable":true,"href":"https:\/\/zonaroja.com.mx\/index.php?rest_route=\/wp\/v2\/users\/2"}],"replies":[{"embeddable":true,"href":"https:\/\/zonaroja.com.mx\/index.php?rest_route=%2Fwp%2Fv2%2Fcomments&post=10887"}],"version-history":[{"count":1,"href":"https:\/\/zonaroja.com.mx\/index.php?rest_route=\/wp\/v2\/posts\/10887\/revisions"}],"predecessor-version":[{"id":10888,"href":"https:\/\/zonaroja.com.mx\/index.php?rest_route=\/wp\/v2\/posts\/10887\/revisions\/10888"}],"wp:featuredmedia":[{"embeddable":true,"href":"https:\/\/zonaroja.com.mx\/index.php?rest_route=\/wp\/v2\/media\/10144"}],"wp:attachment":[{"href":"https:\/\/zonaroja.com.mx\/index.php?rest_route=%2Fwp%2Fv2%2Fmedia&parent=10887"}],"wp:term":[{"taxonomy":"category","embeddable":true,"href":"https:\/\/zonaroja.com.mx\/index.php?rest_route=%2Fwp%2Fv2%2Fcategories&post=10887"},{"taxonomy":"post_tag","embeddable":true,"href":"https:\/\/zonaroja.com.mx\/index.php?rest_route=%2Fwp%2Fv2%2Ftags&post=10887"}],"curies":[{"name":"wp","href":"https:\/\/api.w.org\/{rel}","templated":true}]}}