{"id":10890,"date":"2020-04-09T16:54:18","date_gmt":"2020-04-09T21:54:18","guid":{"rendered":"http:\/\/www.zonaroja.com.mx\/?p=10890"},"modified":"2020-04-09T16:54:23","modified_gmt":"2020-04-09T21:54:23","slug":"confirman-muerte-de-dos-migrantes-oaxaquenos-familiares-piden-repatriarlos","status":"publish","type":"post","link":"https:\/\/zonaroja.com.mx\/?p=10890","title":{"rendered":"Confirman muerte de dos migrantes oaxaque\u00f1os; familiares piden repatriarlos"},"content":{"rendered":"\n<p>Yuridiana Sosa<\/p>\n\n\n\n<p>Oaxaca de Ju\u00e1rez, Oax., 99 de abril de\n2020.- Sus estancias en Estados Unidos de Norteam\u00e9rica estuvo marcada por\nconstantes jornadas de trabajo en busca de una mejor vida; formaron sus propias\nfamilias, pero siempre desearon regresar a su tierra natal en Oaxaca.<\/p>\n\n\n\n<p>Los hermanos Javier y Mart\u00edn Morales,\noriginarios de Santa Catarina Yosonotu, de la regi\u00f3n Mixeca, llegaron al pa\u00eds\nvecino hace m\u00e1s de dos d\u00e9cadas, echando ra\u00edces en Teaneck, Nueva Jersey; hace\nunos d\u00edas fallecieron victimas de Covid-19, una de ellas el pasado 7 de abril.<\/p>\n\n\n\n<p>El Instituto Oaxaque\u00f1o de Atenci\u00f3n al\nMigrante (IOAM) confirm\u00f3 los decesos; sin embargo, a\u00fan se desconoce si ser\u00e1\nposible la repatriaci\u00f3n de los restos mortuorios.<\/p>\n\n\n\n<p>La titular, A\u00edda Ru\u00edz Garc\u00eda, indic\u00f3\nque el gobierno de Oaxaca est\u00e1 a la espera de lo que indique gobierno federal\nconforme a lo que establezca el gobierno de Estados Unidos con relaci\u00f3n a los\nprotocolos por seguir bajo el panorama de la contingencia sanitaria.<\/p>\n\n\n\n<p>FAMILIA MIGRANTE<\/p>\n\n\n\n<p>A trav\u00e9s de una publicaci\u00f3n en redes\nsociales, la familia dio a conocer el hecho; la \u00faltima voluntad de los hermanos\nfue ser sepultados en su tierra oaxaque\u00f1a, donde vivieron hasta la\nadolescencia.<\/p>\n\n\n\n<p>\u00abEn las \u00faltimas 24 horas he pasado\nde perder a un t\u00edo y ahora dos. Mi t\u00edo Javier y su hermano, mi t\u00edo Martin\nMorales, ni siquiera ten\u00edan 50 a\u00f1os, pero este virus les acort\u00f3 la vida. Eran\nhombres fuertes con una voluntad igualmente fuerte de mantener a sus familias.\nAlgo que no pod\u00edan hacer en nuestro peque\u00f1o pueblo en M\u00e9xico\u201d, describi\u00f3 el\ntexto.<\/p>\n\n\n\n<p>Javier, de 48 a\u00f1os de edad, tuvo una\nhija con nacionalidad americana, la peque\u00f1a Cristal.<\/p>\n\n\n\n<p>Como casi todo mexicano y oaxaque\u00f1o,\namaba las fiestas, dice su familia. Javier celebraba, incluso, cada vez que\nparticipaba en las elecciones en Estados Unidos, porque sent\u00eda que representaba\na su familia latina.<\/p>\n\n\n\n<p>A Mart\u00edn, de 40 a\u00f1os de edad, le\nsobrevive su esposa y tres hijos; un adolescente de 16 a\u00f1os que actualmente se\nencuentra en Teaneck High School y dos peque\u00f1os que cursan el jard\u00edn de ni\u00f1os.<\/p>\n\n\n\n<p>El t\u00edo Mart\u00edn acostumbraba a andar en\nbicicleta, se caracteriz\u00f3 por ser bromista y disfrutaba de pasar tiempo con sus\nhijos, por quienes trabajo arduo para una mejor vida, al menos o por mucho sin\nlas carencias que vivi\u00f3 en su comunidad de la Mixteca.<\/p>\n\n\n\n<p>\u201cMi familia nunca podr\u00eda haber\nimaginado que esto nos sucediera. Mis t\u00edos eran grandes hombres trabajadores,\nno son n\u00fameros y merec\u00edan algo mejor\u201d, mencion\u00f3 un sobrino de los hermanos\nfallecidos.<\/p>\n\n\n\n<p>El familiar indic\u00f3 que en medio de la\ncuarentena por el coronavirus, la p\u00e9rdida de un familiar se vive con mayor\nsufrimiento al no poder estar toda la familia reunida.<\/p>\n\n\n\n<p>\u201cEn este momento, todo lo que puedo\nhacer es asegurarme de que tengan un funeral adecuado en su ciudad natal, Santa\nCatarina Yosonotu, Oaxaca, M\u00e9xico. Fue su \u00faltimo deseo\u201d, reitera el familiar.<\/p>\n\n\n\n<p>El IOAM agreg\u00f3 que habitualmente, en\ncircunstancias ordinarias, el consulado cubre el gasto de traslado de Estados\nUnidos a la ciudad de M\u00e9xico o a la ciudad de Oaxaca, mientras que el instituto\ncubre el 100 por ciento del costo del traslado de cualquiera de esos puntos hasta\nla comunidad de origen.<\/p>\n\n\n\n<p>Por otra parte, el Consulado General de\nM\u00e9xico en Nueva York, solicit\u00f3 el apoyo de la Secretar\u00eda de Relaciones\nExteriores para localizar a los familiares de Epifanio Valent\u00edn Casiano, se\ncree es originario de Oaxaca, sin precisar detalles sobre la b\u00fasqueda.<\/p>\n","protected":false},"excerpt":{"rendered":"<p>Yuridiana Sosa Oaxaca de Ju\u00e1rez, Oax., 99 de abril de 2020.- Sus estancias en Estados&hellip;<\/p>\n","protected":false},"author":2,"featured_media":10891,"comment_status":"closed","ping_status":"open","sticky":false,"template":"","format":"standard","meta":{"_lmt_disableupdate":"","_lmt_disable":"","_jetpack_memberships_contains_paid_content":false,"footnotes":""},"categories":[109,47],"tags":[1228],"class_list":["post-10890","post","type-post","status-publish","format-standard","has-post-thumbnail","hentry","category-minuto-a-minuto","category-zona-gris","tag-instituto-oaxaqueno-de-atencion-al-migrante"],"jetpack_featured_media_url":"https:\/\/zonaroja.com.mx\/wp-content\/uploads\/2020\/04\/Muerto-ata\u00fad.jpeg","jetpack_sharing_enabled":true,"_links":{"self":[{"href":"https:\/\/zonaroja.com.mx\/index.php?rest_route=\/wp\/v2\/posts\/10890","targetHints":{"allow":["GET"]}}],"collection":[{"href":"https:\/\/zonaroja.com.mx\/index.php?rest_route=\/wp\/v2\/posts"}],"about":[{"href":"https:\/\/zonaroja.com.mx\/index.php?rest_route=\/wp\/v2\/types\/post"}],"author":[{"embeddable":true,"href":"https:\/\/zonaroja.com.mx\/index.php?rest_route=\/wp\/v2\/users\/2"}],"replies":[{"embeddable":true,"href":"https:\/\/zonaroja.com.mx\/index.php?rest_route=%2Fwp%2Fv2%2Fcomments&post=10890"}],"version-history":[{"count":1,"href":"https:\/\/zonaroja.com.mx\/index.php?rest_route=\/wp\/v2\/posts\/10890\/revisions"}],"predecessor-version":[{"id":10892,"href":"https:\/\/zonaroja.com.mx\/index.php?rest_route=\/wp\/v2\/posts\/10890\/revisions\/10892"}],"wp:featuredmedia":[{"embeddable":true,"href":"https:\/\/zonaroja.com.mx\/index.php?rest_route=\/wp\/v2\/media\/10891"}],"wp:attachment":[{"href":"https:\/\/zonaroja.com.mx\/index.php?rest_route=%2Fwp%2Fv2%2Fmedia&parent=10890"}],"wp:term":[{"taxonomy":"category","embeddable":true,"href":"https:\/\/zonaroja.com.mx\/index.php?rest_route=%2Fwp%2Fv2%2Fcategories&post=10890"},{"taxonomy":"post_tag","embeddable":true,"href":"https:\/\/zonaroja.com.mx\/index.php?rest_route=%2Fwp%2Fv2%2Ftags&post=10890"}],"curies":[{"name":"wp","href":"https:\/\/api.w.org\/{rel}","templated":true}]}}