{"id":10896,"date":"2020-04-09T19:32:09","date_gmt":"2020-04-10T00:32:09","guid":{"rendered":"http:\/\/www.zonaroja.com.mx\/?p=10896"},"modified":"2020-04-09T19:32:12","modified_gmt":"2020-04-10T00:32:12","slug":"paciente-de-covid-19-en-la-cuenca-paseo-en-chiapas-con-un-extranjero","status":"publish","type":"post","link":"https:\/\/zonaroja.com.mx\/?p=10896","title":{"rendered":"Paciente de Covid-19 en la Cuenca pase\u00f3 en Chiapas con un extranjero"},"content":{"rendered":"\n<p>Yuridiana Sosa\/Zona Roja.<\/p>\n\n\n\n<p>San Juan Bautista Tuxtepec, Oax., 9 de\nabril de 2020.- El segundo caso de Covid-19 registrado en la regi\u00f3n de la\nCuenca, corresponde a un paciente radicado en el municipio de San Miguel\nSoyaltpec, quien tuvo contacto con un visitante proveniente de Nueva York,\nEstados Unidos.<\/p>\n\n\n\n<p>De acuerdo con el reporte t\u00e9cnico\ndiario de la Secretar\u00eda de Salud de Oaxaca, se trata de un var\u00f3n de 35 a\u00f1os de\nedad, quien se encuentra aislado en su mismo domicilio en Soyaltepec, donde en\nlo inmediato la dependencia realizar\u00e1 las actividades necesarias de contenci\u00f3n\nde contagios en la poblaci\u00f3n.<\/p>\n\n\n\n<p>El jefe de la Jurisdicci\u00f3n Sanitaria\n03, de la Cuenca, Mois\u00e9s Montalvo Aspr\u00f3n, detall\u00f3 que el paciente recibi\u00f3 de\nvisita a un residente de Nueva York, Estados Unidos, con quien viaj\u00f3 en sentido\ntur\u00edstico al estado de Chiapas, hace aproximadamente tres semanas.<\/p>\n\n\n\n<p>Al presentarse los s\u00edntomas que\nafectaban su salud, el paciente acudi\u00f3 a consulta particular a la ciudad de\nTierra Blanca, Veracruz &#8211;por mayor cercan\u00eda en relaci\u00f3n al municipio de\nTuxtepec&#8211;; posteriormente se traslad\u00f3 al hospital regional del ISSSTE en San\nJuan Bautista Tuxtepec, donde s\u00f3lo extrajeron la muestra.<\/p>\n\n\n\n<p>El jefe jurisdiccional, en entrevista\npara noticieros \u201cPanorama\u201d, no precis\u00f3 con cu\u00e1ntas personas de la poblaci\u00f3n de\nSoyaltpec, o integrantes de la familia del anfitri\u00f3n, tuvo contacto el\nextranjero.<\/p>\n\n\n\n<p>Sin embargo, en el transcurso de este\nd\u00eda se incrementar\u00e1n medidas sanitarias en la poblaci\u00f3n, as\u00ed como se indagar\u00e1\nsobre el trayecto de contacto del enfermo para ubicar los posibles casos.<\/p>\n\n\n\n<p>Montalvo Aspr\u00f3n detall\u00f3 sobre las\ncifras emitidas por la Secretar\u00eda de Salud a nivel nacional respecto al primer\ncaso adjudicado en la Cuenca el lunes pasado y del cual este mi\u00e9rcoles se\ninform\u00f3 sobre su recuperaci\u00f3n.<\/p>\n\n\n\n<p>Indic\u00f3 que el paciente radica en el\nmunicipio de Loma Bonita, lugar del que por motivos de trabajo sali\u00f3 a finales\ndel mes de febrero; durante sus viajes estuvo en la ciudad de Tijuana y a su\nregreso a la Ciudad de M\u00e9xico a principio de marzo present\u00f3 s\u00edntomas\nrelacionados al Covid-19, motivo por el que fue atendido y hospitalizado en el\ncentro del pa\u00eds, pero se carg\u00f3 a estad\u00edsticas de Oaxaca.<\/p>\n\n\n\n<p>Actualmente existen nueve casos\nsospechosos de coronavirus en la regi\u00f3n de la Cuenca, de los cuales dos\npacientes se encuentran hospitalizados, pero estables.<\/p>\n","protected":false},"excerpt":{"rendered":"<p>Yuridiana Sosa\/Zona Roja. San Juan Bautista Tuxtepec, Oax., 9 de abril de 2020.- El segundo&hellip;<\/p>\n","protected":false},"author":2,"featured_media":10897,"comment_status":"closed","ping_status":"open","sticky":false,"template":"","format":"standard","meta":{"_lmt_disableupdate":"","_lmt_disable":"","_jetpack_memberships_contains_paid_content":false,"footnotes":""},"categories":[109,47],"tags":[1512],"class_list":["post-10896","post","type-post","status-publish","format-standard","has-post-thumbnail","hentry","category-minuto-a-minuto","category-zona-gris","tag-coronavirus-oaxaca"],"jetpack_featured_media_url":"https:\/\/zonaroja.com.mx\/wp-content\/uploads\/2020\/04\/PHOTO-2020-04-09-12-57-06.jpg","jetpack_sharing_enabled":true,"_links":{"self":[{"href":"https:\/\/zonaroja.com.mx\/index.php?rest_route=\/wp\/v2\/posts\/10896","targetHints":{"allow":["GET"]}}],"collection":[{"href":"https:\/\/zonaroja.com.mx\/index.php?rest_route=\/wp\/v2\/posts"}],"about":[{"href":"https:\/\/zonaroja.com.mx\/index.php?rest_route=\/wp\/v2\/types\/post"}],"author":[{"embeddable":true,"href":"https:\/\/zonaroja.com.mx\/index.php?rest_route=\/wp\/v2\/users\/2"}],"replies":[{"embeddable":true,"href":"https:\/\/zonaroja.com.mx\/index.php?rest_route=%2Fwp%2Fv2%2Fcomments&post=10896"}],"version-history":[{"count":1,"href":"https:\/\/zonaroja.com.mx\/index.php?rest_route=\/wp\/v2\/posts\/10896\/revisions"}],"predecessor-version":[{"id":10898,"href":"https:\/\/zonaroja.com.mx\/index.php?rest_route=\/wp\/v2\/posts\/10896\/revisions\/10898"}],"wp:featuredmedia":[{"embeddable":true,"href":"https:\/\/zonaroja.com.mx\/index.php?rest_route=\/wp\/v2\/media\/10897"}],"wp:attachment":[{"href":"https:\/\/zonaroja.com.mx\/index.php?rest_route=%2Fwp%2Fv2%2Fmedia&parent=10896"}],"wp:term":[{"taxonomy":"category","embeddable":true,"href":"https:\/\/zonaroja.com.mx\/index.php?rest_route=%2Fwp%2Fv2%2Fcategories&post=10896"},{"taxonomy":"post_tag","embeddable":true,"href":"https:\/\/zonaroja.com.mx\/index.php?rest_route=%2Fwp%2Fv2%2Ftags&post=10896"}],"curies":[{"name":"wp","href":"https:\/\/api.w.org\/{rel}","templated":true}]}}