{"id":10899,"date":"2020-04-09T20:44:31","date_gmt":"2020-04-10T01:44:31","guid":{"rendered":"http:\/\/www.zonaroja.com.mx\/?p=10899"},"modified":"2020-04-09T20:44:35","modified_gmt":"2020-04-10T01:44:35","slug":"con-uso-excesivo-de-la-fuerza-encarcelan-a-mujer-en-zimatlan-por-vender-nieve","status":"publish","type":"post","link":"https:\/\/zonaroja.com.mx\/?p=10899","title":{"rendered":"Con uso excesivo de la fuerza, encarcelan a mujer en Zimatl\u00e1n por vender nieve"},"content":{"rendered":"\n<p>Yuridiana Sosa<\/p>\n\n\n\n<p>Oaxaca de Ju\u00e1rez, Oax.-09 de abril de\n2020.- Con el uso excesivo de la fuerza p\u00fablica, el ayuntamiento de Zimatl\u00e1n de\n\u00c1lvarez orden\u00f3 la detenci\u00f3n de una ciudadana por vender nieves, solo para\nllevar, en su establecimiento ubicado en el centro de esa poblaci\u00f3n.<\/p>\n\n\n\n<p>Adriana Ruiz fue detenida, esposada y\ndespojada de sus pertenencias de venta la tarde de ayer mi\u00e9rcoles mientras se\nencontraba en su local en el parque de la comunidad.<\/p>\n\n\n\n<p>Las autoridades municipales, a cargo\ndel presidente municipal Javier Barroso, surgido del PAN, justificaron desacato\nal decreto emitido por el Gobierno del Estado sobre la restricci\u00f3n para los\ncomercios como medida preventiva por la pandemia del Covid-19; a pesar que la\ncomerciante cumpl\u00eda con la determinaci\u00f3n de ofrecer sus productos solo para\nllevar.<\/p>\n\n\n\n<p>Adriana es madre soltera de dos\nadolescentes; proveniente de una familia que por m\u00e1s de 50 a\u00f1os se ha dedicado\na vender nieves en el parque. Ese es su \u00fanico sustento.<\/p>\n\n\n\n<p>\u201cNo puedo dejar de vender, si no lo\nhago nos quedamos sin comer\u201d, expres\u00f3 la mujer a ZONA ROJA, tras ser puesta en\nlibertad luego de m\u00e1s de 24 horas permanecer detenida en la c\u00e1rcel municipal.<\/p>\n\n\n\n<p>Adriana explic\u00f3 que el martes acudi\u00f3\npersonal del ayuntamiento a notificarle que no pod\u00eda seguir en operaci\u00f3n su\nnegocio; al d\u00eda siguiente, cerca de las 14:00 horas volvieron para aplicar la\nsanci\u00f3n.<\/p>\n\n\n\n<p>La mujer fue detenida con la presencia\nde cerca de una veintena de elementos de la Polic\u00eda Municipal, regidores del\nCabildo encabezados por la s\u00edndico municipal, Alba Lidia de Jes\u00fas S\u00e1nchez; la\nesposaron y subieron a la patrulla, pero adem\u00e1s, le decomisaron su mercanc\u00eda,\nequipo de trabajo y colocaron sellos de clausura.<\/p>\n\n\n\n<p>Fue acusada de resistencia y violaci\u00f3n\nde sellos, a pesar que estos fueron puestos tras su detenci\u00f3n.<\/p>\n\n\n\n<p>Durante su estancia en los separos\nmunicipales, Adriana no tuvo atenci\u00f3n m\u00e9dica adecuada, pues sufri\u00f3 de un cuadro\nde taquicardia. El cuerpo policial solo dispuso del m\u00e9dico general del\nayuntamiento, quien le brind\u00f3 una atenci\u00f3n detr\u00e1s de las rejas.<\/p>\n\n\n\n<p>Ante la intervenci\u00f3n de la Fiscal\u00eda\nGeneral de Oaxaca, Adriana qued\u00f3 en libertad la tarde de este jueves y afirma\nque no puede detener su actividad comercial, pero ahora lo har\u00e1 desde su casa.<\/p>\n","protected":false},"excerpt":{"rendered":"<p>Yuridiana Sosa Oaxaca de Ju\u00e1rez, Oax.-09 de abril de 2020.- Con el uso excesivo de&hellip;<\/p>\n","protected":false},"author":2,"featured_media":10900,"comment_status":"closed","ping_status":"open","sticky":false,"template":"","format":"standard","meta":{"_lmt_disableupdate":"","_lmt_disable":"","_jetpack_memberships_contains_paid_content":false,"footnotes":""},"categories":[109,47],"tags":[802],"class_list":["post-10899","post","type-post","status-publish","format-standard","has-post-thumbnail","hentry","category-minuto-a-minuto","category-zona-gris","tag-zimatlan-de-alvarez"],"jetpack_featured_media_url":"https:\/\/zonaroja.com.mx\/wp-content\/uploads\/2020\/04\/Nieves-Zimatl\u00e1n.jpg","jetpack_sharing_enabled":true,"_links":{"self":[{"href":"https:\/\/zonaroja.com.mx\/index.php?rest_route=\/wp\/v2\/posts\/10899","targetHints":{"allow":["GET"]}}],"collection":[{"href":"https:\/\/zonaroja.com.mx\/index.php?rest_route=\/wp\/v2\/posts"}],"about":[{"href":"https:\/\/zonaroja.com.mx\/index.php?rest_route=\/wp\/v2\/types\/post"}],"author":[{"embeddable":true,"href":"https:\/\/zonaroja.com.mx\/index.php?rest_route=\/wp\/v2\/users\/2"}],"replies":[{"embeddable":true,"href":"https:\/\/zonaroja.com.mx\/index.php?rest_route=%2Fwp%2Fv2%2Fcomments&post=10899"}],"version-history":[{"count":1,"href":"https:\/\/zonaroja.com.mx\/index.php?rest_route=\/wp\/v2\/posts\/10899\/revisions"}],"predecessor-version":[{"id":10901,"href":"https:\/\/zonaroja.com.mx\/index.php?rest_route=\/wp\/v2\/posts\/10899\/revisions\/10901"}],"wp:featuredmedia":[{"embeddable":true,"href":"https:\/\/zonaroja.com.mx\/index.php?rest_route=\/wp\/v2\/media\/10900"}],"wp:attachment":[{"href":"https:\/\/zonaroja.com.mx\/index.php?rest_route=%2Fwp%2Fv2%2Fmedia&parent=10899"}],"wp:term":[{"taxonomy":"category","embeddable":true,"href":"https:\/\/zonaroja.com.mx\/index.php?rest_route=%2Fwp%2Fv2%2Fcategories&post=10899"},{"taxonomy":"post_tag","embeddable":true,"href":"https:\/\/zonaroja.com.mx\/index.php?rest_route=%2Fwp%2Fv2%2Ftags&post=10899"}],"curies":[{"name":"wp","href":"https:\/\/api.w.org\/{rel}","templated":true}]}}