{"id":10908,"date":"2020-04-09T22:27:47","date_gmt":"2020-04-10T03:27:47","guid":{"rendered":"http:\/\/www.zonaroja.com.mx\/?p=10908"},"modified":"2020-04-09T22:27:50","modified_gmt":"2020-04-10T03:27:50","slug":"registra-oaxaca-tres-nuevos-casos-de-coronavirus-ya-suman-40","status":"publish","type":"post","link":"https:\/\/zonaroja.com.mx\/?p=10908","title":{"rendered":"Registra Oaxaca tres nuevos casos de coronavirus; ya suman 40"},"content":{"rendered":"\n<p>Redacci\u00f3n\/Zona Roja.<\/p>\n\n\n\n<p>Oaxaca de Ju\u00e1rez, Oax. 9 de abril de\n2020. En Oaxaca fueron reportados tres nuevos casos de Covid-19, por lo que el n\u00famero\ntotal de pacientes enfermos de este tipo de coronavirus en la entidad suman 40,\ninform\u00f3 esta noche la dependencia Servicios de Salud de Oaxaca (SSO).<\/p>\n\n\n\n<p>Estos nuevos casos se registraron: dos\nen Valles Centrales y uno en la Costa; destac\u00f3 que a la fecha la circulaci\u00f3n de\nvirus se encuentra en las seis Jurisdicciones Sanitarias, por lo que se han\ndetectado 403 personas con s\u00edntomas respiratorios, de las cuales 273 resultaron\nnegativos al coronavirus y se tienen en espera de resultados 90 casos\nsospechosos.<\/p>\n\n\n\n<p>A\u00f1adi\u00f3 que el estado contin\u00faa con el\nreporte de una defunci\u00f3n y 18 oaxaque\u00f1os que se encontraban en aislamiento por\ntratamiento m\u00e9dico a causa de Covid-19, se han recuperado.<\/p>\n\n\n\n<p>El titular de los SSO, Donato Casas, explic\u00f3\nque para tener una mejor coordinaci\u00f3n y eficiencia en la notificaci\u00f3n de casos,\nla Federaci\u00f3n migr\u00f3 el registro de esta patolog\u00eda a la plataforma de Vigilancia\nEpidemiol\u00f3gica de Enfermedades Respiratorias.<\/p>\n\n\n\n<p>Este es un sistema de informaci\u00f3n\nrobusto y confiable y por esta transici\u00f3n \u2013dijo&#8211; el d\u00eda de hoy realiz\u00f3 una\ndepuraci\u00f3n de casos cargados a Oaxaca y que pertenec\u00edan a otros estados. Agreg\u00f3\nque se espera que esta semana concluya el proceso.<\/p>\n\n\n\n<p>En otro tenor, Casas Escamilla precis\u00f3\nque esta Semana Santa no ser\u00e1 igual ante las circunstancias de la emergencia\nsanitaria que enfrenta el pa\u00eds, por lo que hizo un llamado a la poblaci\u00f3n para\nno salir de sus hogares, ya que dijo \u201ceste a\u00f1o no ser\u00e1n vacaciones, es\naislamiento social para proteger la vida de las familias oaxaque\u00f1as\u201d.<\/p>\n\n\n\n<p>Enfatiz\u00f3 que la estrategia \u201cQu\u00e9date en\ncasa\u201d es vital para lograr frenar el n\u00famero de contagios en la entidad, y es\nque explic\u00f3 que el Covid-19 es una enfermedad que puede afectar a cualquier\npersona y poner en peligro su salud, de ah\u00ed la importancia de tomar con\nseriedad las recomendaciones de los SSO.<\/p>\n","protected":false},"excerpt":{"rendered":"<p>Redacci\u00f3n\/Zona Roja. Oaxaca de Ju\u00e1rez, Oax. 9 de abril de 2020. En Oaxaca fueron reportados&hellip;<\/p>\n","protected":false},"author":2,"featured_media":10909,"comment_status":"closed","ping_status":"open","sticky":false,"template":"","format":"standard","meta":{"_lmt_disableupdate":"","_lmt_disable":"","_jetpack_memberships_contains_paid_content":false,"footnotes":""},"categories":[109,47],"tags":[1512],"class_list":["post-10908","post","type-post","status-publish","format-standard","has-post-thumbnail","hentry","category-minuto-a-minuto","category-zona-gris","tag-coronavirus-oaxaca"],"jetpack_featured_media_url":"https:\/\/zonaroja.com.mx\/wp-content\/uploads\/2020\/04\/GR\u00c1FICA-SSO-9-DE-ABRIL-1.jpeg","jetpack_sharing_enabled":true,"_links":{"self":[{"href":"https:\/\/zonaroja.com.mx\/index.php?rest_route=\/wp\/v2\/posts\/10908","targetHints":{"allow":["GET"]}}],"collection":[{"href":"https:\/\/zonaroja.com.mx\/index.php?rest_route=\/wp\/v2\/posts"}],"about":[{"href":"https:\/\/zonaroja.com.mx\/index.php?rest_route=\/wp\/v2\/types\/post"}],"author":[{"embeddable":true,"href":"https:\/\/zonaroja.com.mx\/index.php?rest_route=\/wp\/v2\/users\/2"}],"replies":[{"embeddable":true,"href":"https:\/\/zonaroja.com.mx\/index.php?rest_route=%2Fwp%2Fv2%2Fcomments&post=10908"}],"version-history":[{"count":1,"href":"https:\/\/zonaroja.com.mx\/index.php?rest_route=\/wp\/v2\/posts\/10908\/revisions"}],"predecessor-version":[{"id":10910,"href":"https:\/\/zonaroja.com.mx\/index.php?rest_route=\/wp\/v2\/posts\/10908\/revisions\/10910"}],"wp:featuredmedia":[{"embeddable":true,"href":"https:\/\/zonaroja.com.mx\/index.php?rest_route=\/wp\/v2\/media\/10909"}],"wp:attachment":[{"href":"https:\/\/zonaroja.com.mx\/index.php?rest_route=%2Fwp%2Fv2%2Fmedia&parent=10908"}],"wp:term":[{"taxonomy":"category","embeddable":true,"href":"https:\/\/zonaroja.com.mx\/index.php?rest_route=%2Fwp%2Fv2%2Fcategories&post=10908"},{"taxonomy":"post_tag","embeddable":true,"href":"https:\/\/zonaroja.com.mx\/index.php?rest_route=%2Fwp%2Fv2%2Ftags&post=10908"}],"curies":[{"name":"wp","href":"https:\/\/api.w.org\/{rel}","templated":true}]}}