{"id":10913,"date":"2020-04-10T07:07:44","date_gmt":"2020-04-10T12:07:44","guid":{"rendered":"http:\/\/www.zonaroja.com.mx\/?p=10913"},"modified":"2020-04-10T07:07:47","modified_gmt":"2020-04-10T12:07:47","slug":"vinculan-a-proceso-a-juan-antonio-v-c-y-le-dictan-prision-preventiva","status":"publish","type":"post","link":"https:\/\/zonaroja.com.mx\/?p=10913","title":{"rendered":"Vinculan a proceso a Juan Antonio V. C. y le dictan prisi\u00f3n preventiva"},"content":{"rendered":"\n<p>Redacci\u00f3n\/Zona Roja.<\/p>\n\n\n\n<p>Oaxaca de Ju\u00e1rez, Oax., 10 de abril de\n2020.- Luego de alrededor de 18 horas de audiencia, con al menos cinco recesos,\nel juez del Poder Judicial de Oaxaca con sede en Huajuapan de Le\u00f3n, dict\u00f3\nprisi\u00f3n la madrugada de hoy preventiva en contra de Juan Antonio V. C.<\/p>\n\n\n\n<p>El empresario y ex diputado local por\nel PVEM-PRI, hab\u00eda contratado un despacho de abogados internacional, con sede\nen Nueva York, quienes no pudieron impedir la determinaci\u00f3n del juez de\nControl, V\u00edctor Jorge Luis Velasco Castellanos.<\/p>\n\n\n\n<p>La audiencia se celebr\u00f3 en una sala de\njuicio oral en la sede del Centro de Justicia de Huajuapan de Le\u00f3n, con la\npresencia de la abogada Ana Katiria Su\u00e1rez y familiares de Mar\u00eda Elena R\u00edos\nOrtiz.<\/p>\n\n\n\n<p>A\u00fan no se ha precisado la fecha en que se\nllevar\u00e1 a cabo la audiencia donde se dictar\u00e1 sentencia.<\/p>\n\n\n\n<p>Juan Antonio V. C. fue detenido el\npasado lunes una vez que se present\u00f3 de manera voluntaria a la sede del C-4 de\nla Secretar\u00eda de Seguridad P\u00fablica de Oaxaca, que a su vez lo puso a\ndisposici\u00f3n de la Fiscal\u00eda General del Estado. <\/p>\n","protected":false},"excerpt":{"rendered":"<p>Redacci\u00f3n\/Zona Roja. Oaxaca de Ju\u00e1rez, Oax., 10 de abril de 2020.- Luego de alrededor de&hellip;<\/p>\n","protected":false},"author":2,"featured_media":10770,"comment_status":"closed","ping_status":"open","sticky":false,"template":"","format":"standard","meta":{"_lmt_disableupdate":"","_lmt_disable":"","_jetpack_memberships_contains_paid_content":false,"footnotes":""},"categories":[109,47],"tags":[1144,1124],"class_list":["post-10913","post","type-post","status-publish","format-standard","has-post-thumbnail","hentry","category-minuto-a-minuto","category-zona-gris","tag-juan-antonio-vera-carrizal","tag-maria-elena-rios-ortiz"],"jetpack_featured_media_url":"https:\/\/zonaroja.com.mx\/wp-content\/uploads\/2020\/04\/Juan-Antonio-Vera-c..jpg","jetpack_sharing_enabled":true,"_links":{"self":[{"href":"https:\/\/zonaroja.com.mx\/index.php?rest_route=\/wp\/v2\/posts\/10913","targetHints":{"allow":["GET"]}}],"collection":[{"href":"https:\/\/zonaroja.com.mx\/index.php?rest_route=\/wp\/v2\/posts"}],"about":[{"href":"https:\/\/zonaroja.com.mx\/index.php?rest_route=\/wp\/v2\/types\/post"}],"author":[{"embeddable":true,"href":"https:\/\/zonaroja.com.mx\/index.php?rest_route=\/wp\/v2\/users\/2"}],"replies":[{"embeddable":true,"href":"https:\/\/zonaroja.com.mx\/index.php?rest_route=%2Fwp%2Fv2%2Fcomments&post=10913"}],"version-history":[{"count":1,"href":"https:\/\/zonaroja.com.mx\/index.php?rest_route=\/wp\/v2\/posts\/10913\/revisions"}],"predecessor-version":[{"id":10914,"href":"https:\/\/zonaroja.com.mx\/index.php?rest_route=\/wp\/v2\/posts\/10913\/revisions\/10914"}],"wp:featuredmedia":[{"embeddable":true,"href":"https:\/\/zonaroja.com.mx\/index.php?rest_route=\/wp\/v2\/media\/10770"}],"wp:attachment":[{"href":"https:\/\/zonaroja.com.mx\/index.php?rest_route=%2Fwp%2Fv2%2Fmedia&parent=10913"}],"wp:term":[{"taxonomy":"category","embeddable":true,"href":"https:\/\/zonaroja.com.mx\/index.php?rest_route=%2Fwp%2Fv2%2Fcategories&post=10913"},{"taxonomy":"post_tag","embeddable":true,"href":"https:\/\/zonaroja.com.mx\/index.php?rest_route=%2Fwp%2Fv2%2Ftags&post=10913"}],"curies":[{"name":"wp","href":"https:\/\/api.w.org\/{rel}","templated":true}]}}