{"id":10918,"date":"2020-04-10T09:48:03","date_gmt":"2020-04-10T14:48:03","guid":{"rendered":"http:\/\/www.zonaroja.com.mx\/?p=10918"},"modified":"2020-04-10T09:51:26","modified_gmt":"2020-04-10T14:51:26","slug":"abre-fiscalia-carpeta-de-investigacion-tras-denuncia-de-periodista-oaxaquena","status":"publish","type":"post","link":"https:\/\/zonaroja.com.mx\/?p=10918","title":{"rendered":"Abre Fiscal\u00eda Carpeta de Investigaci\u00f3n tras denuncia de periodista oaxaque\u00f1a"},"content":{"rendered":"\n<p>Evlin Arag\u00f3n\/Zona Roja.<\/p>\n\n\n\n<p>Oaxaca de Ju\u00e1rez, Oax., 10 de abril de\n2020.- La Fiscal\u00eda General del Estado de Oaxaca inici\u00f3 la Carpeta de Investigaci\u00f3n\n12331\/fist\/Ixtepec\/2020 por el ataque con \u00e1cido al veh\u00edculo de la periodista\nMartha Izquierdo, registrado este jueves en el municipio de Ciudad Ixtepec, en\nla regi\u00f3n del Istmo de Tehuantepec.<\/p>\n\n\n\n<p>As\u00ed lo dio a conocer la comunicadora a\ntrav\u00e9s de sus redes sociales, en donde explic\u00f3 que ayer al medio d\u00eda mientras\nparticipaba en su programa en la Radio \u201cBiaani Luu Neza\u201d en la localidad\nistme\u00f1a, su veh\u00edculo fue rociado con una sustancia corrosiva.<\/p>\n\n\n\n<p>\u201cAl salir de la radio este mediod\u00eda me\npercat\u00e9 de esta situaci\u00f3n, le echamos agua para que no siguiera causando efecto\npero s\u00ed diluy\u00f3 la pintura y en algunas partes se observa c\u00f3mo se est\u00e1\nlevantando la pintura\u201d, explic\u00f3.<\/p>\n\n\n\n<p>Detall\u00f3 que hizo de conocimiento los\nhechos a las autoridades de Derechos Humanos y Vicefiscal\u00eda Regional del Istmo,\na fin de que se iniciaran las investigaciones correspondientes, raz\u00f3n por la\nque esta \u00faltima inicio un procedimiento para tratar de dar con los responsables\nde los hechos.<\/p>\n\n\n\n<p>\u201cNo s\u00e9 quien haya sido, solo deseo que\nDios los bendiga y que las autoridades se encarguen del asunto. Ya mi denuncia\nest\u00e1 siendo atendida\u201d, se\u00f1al\u00f3.<\/p>\n\n\n\n<p>La periodista con amplia trayectoria en\nlos medios de comunicaci\u00f3n, agradeci\u00f3 no estar presente al momento del ataque\nque s\u00f3lo dej\u00f3 da\u00f1os materiales a su veh\u00edculo; as\u00ed mismo, ponder\u00f3 el respaldo\ndel gremio que se mantuvo todo el tiempo en exigencia de la intervenci\u00f3n de las\nautoridades estatales.<\/p>\n\n\n\n<p>\u201cGracias a todos mis compa\u00f1eros por su\nsolidaridad ante el ataque de \u00e1cido a mi veh\u00edculo afuera de la radio, gracias\npor el acompa\u00f1amiento a la Defensor\u00eda de los Derechos Humanos y la atenci\u00f3n de\nla Fiscal\u00eda del Estado\u201d, dijo en su cuenta twitter.<\/p>\n","protected":false},"excerpt":{"rendered":"<p>Evlin Arag\u00f3n\/Zona Roja. Oaxaca de Ju\u00e1rez, Oax., 10 de abril de 2020.- La Fiscal\u00eda General&hellip;<\/p>\n","protected":false},"author":2,"featured_media":10919,"comment_status":"closed","ping_status":"open","sticky":false,"template":"","format":"standard","meta":{"_lmt_disableupdate":"","_lmt_disable":"","_jetpack_memberships_contains_paid_content":false,"footnotes":""},"categories":[109,47],"tags":[1603],"class_list":["post-10918","post","type-post","status-publish","format-standard","has-post-thumbnail","hentry","category-minuto-a-minuto","category-zona-gris","tag-martha-izquierdo"],"jetpack_featured_media_url":"https:\/\/zonaroja.com.mx\/wp-content\/uploads\/2020\/04\/Martha-Izquierdo.jpg","jetpack_sharing_enabled":true,"_links":{"self":[{"href":"https:\/\/zonaroja.com.mx\/index.php?rest_route=\/wp\/v2\/posts\/10918","targetHints":{"allow":["GET"]}}],"collection":[{"href":"https:\/\/zonaroja.com.mx\/index.php?rest_route=\/wp\/v2\/posts"}],"about":[{"href":"https:\/\/zonaroja.com.mx\/index.php?rest_route=\/wp\/v2\/types\/post"}],"author":[{"embeddable":true,"href":"https:\/\/zonaroja.com.mx\/index.php?rest_route=\/wp\/v2\/users\/2"}],"replies":[{"embeddable":true,"href":"https:\/\/zonaroja.com.mx\/index.php?rest_route=%2Fwp%2Fv2%2Fcomments&post=10918"}],"version-history":[{"count":2,"href":"https:\/\/zonaroja.com.mx\/index.php?rest_route=\/wp\/v2\/posts\/10918\/revisions"}],"predecessor-version":[{"id":10921,"href":"https:\/\/zonaroja.com.mx\/index.php?rest_route=\/wp\/v2\/posts\/10918\/revisions\/10921"}],"wp:featuredmedia":[{"embeddable":true,"href":"https:\/\/zonaroja.com.mx\/index.php?rest_route=\/wp\/v2\/media\/10919"}],"wp:attachment":[{"href":"https:\/\/zonaroja.com.mx\/index.php?rest_route=%2Fwp%2Fv2%2Fmedia&parent=10918"}],"wp:term":[{"taxonomy":"category","embeddable":true,"href":"https:\/\/zonaroja.com.mx\/index.php?rest_route=%2Fwp%2Fv2%2Fcategories&post=10918"},{"taxonomy":"post_tag","embeddable":true,"href":"https:\/\/zonaroja.com.mx\/index.php?rest_route=%2Fwp%2Fv2%2Ftags&post=10918"}],"curies":[{"name":"wp","href":"https:\/\/api.w.org\/{rel}","templated":true}]}}