{"id":10922,"date":"2020-04-10T10:27:08","date_gmt":"2020-04-10T15:27:08","guid":{"rendered":"http:\/\/www.zonaroja.com.mx\/?p=10922"},"modified":"2020-04-10T10:27:12","modified_gmt":"2020-04-10T15:27:12","slug":"celebra-maria-elena-vinculacion-a-proceso-de-su-presunto-agresor-agradece-respaldo","status":"publish","type":"post","link":"https:\/\/zonaroja.com.mx\/?p=10922","title":{"rendered":"Celebra Mar\u00eda Elena vinculaci\u00f3n a proceso de su presunto agresor, agradece respaldo"},"content":{"rendered":"\n<p>Evlin Arag\u00f3n\/Zona Roja.<\/p>\n\n\n\n<p>Oaxaca de Ju\u00e1rez, Oax., 10 de abril de\n2020.- \u201cGracias a todas las mujeres, hombres, medios de comunicaci\u00f3n,\norganizaciones y autoridades por estar al pendiente de mi proceso. Ya dimos el\nprimer paso y mi agresor hoy fue vinculado a proceso\u201d.<\/p>\n\n\n\n<p>Son las primeras declaraciones que\nrealiza a trav\u00e9s de sus redes sociales Mar\u00eda Elena R\u00edos Ortiz, quien hace siete\nmeses vio su vida derrumbarse al ser v\u00edctima de un ataque con \u00e1cido, que le\nafect\u00f3 la mayor parte de su cuerpo y que lamentablemente a\u00fan reciente las\nsecuelas.<\/p>\n\n\n\n<p>El mensaje escrito esta ma\u00f1ana est\u00e1\nespecialmente dirigido al gobernador Alejandro Murat Hinojosa, el fiscal de\nOaxaca, Rub\u00e9n Vasconcelos M\u00e9ndez, as\u00ed como a los titulares de la Secretar\u00eda de\nSeguridad Publica y el Tribunal Superior de Justicia del Estado, a quienes\nadvierte seguir\u00e1 de cerca el proceso penal.<\/p>\n\n\n\n<p>Desde ayer, la joven se mantuvo activa\nen las redes sociales, mientras se llevaba a cabo la audiencia &#8211;que se\nextendi\u00f3 por cerca de 20 horas&#8211; en contra de Juan Antonio V. C., a quien\nse\u00f1ala como autor intelectual del ataque en su contra y quien este viernes fue\nvinculado a proceso por el delito de tentativa de feminicidio.<\/p>\n\n\n\n<p>\u201cEn estos momentos la audiencia de mi\nagresor se lleva a cabo. Hago votos para que el juez Jorge V\u00edctor L. Velazco\nCastellanos y el presidente del tribunal Eduardo Pinacho&nbsp; S\u00e1nchez privilegien la justicia y no le den\nlibertad a mi agresor\u201d, refer\u00eda este jueves en su cuenta de twitter, mensaje\nque fue compartido en m\u00e1s de mil 900 ocasiones.<\/p>\n\n\n\n<p>Previamente tambi\u00e9n agradeci\u00f3 a la sociedad en general el respaldo y pidi\u00f3 estar alerta al proceso penal que iniciaba a fin de que no quede cabo suelto y no exista manera de desvirtuar la verdad, lo anterior luego de la puesta a disposici\u00f3n del empresario gasolinero que se vio envuelta en la pol\u00e9mica.<\/p>\n\n\n\n<figure class=\"wp-block-embed-twitter wp-block-embed is-type-rich is-provider-twitter\"><div class=\"wp-block-embed__wrapper\">\n<div class=\"twitter-tweet\"><blockquote class=\"twitter-tweet\" data-lang=\"es\"><p lang=\"es\" dir=\"ltr\">Gracias a todas las mujeres, hombres, medios de comunicaci\u00f3n, organizaciones y autoridades por estar al pendiente de mi proceso. Ya dimos el primer paso y mi agresor hoy fue vinculado a proceso. Seguiremos el proceso. <a href=\"https:\/\/twitter.com\/alejandromurat?ref_src=twsrc%5Etfw\">@alejandromurat<\/a> <a href=\"https:\/\/twitter.com\/tsjoaxaca?ref_src=twsrc%5Etfw\">@tsjoaxaca<\/a> <a href=\"https:\/\/twitter.com\/SSP_GobOax?ref_src=twsrc%5Etfw\">@SSP_GobOax<\/a> <a href=\"https:\/\/twitter.com\/RVasconcelosM?ref_src=twsrc%5Etfw\">@RVasconcelosM<\/a> <a href=\"https:\/\/t.co\/ugB5wVEpaZ\">pic.twitter.com\/ugB5wVEpaZ<\/a><\/p>&mdash; Elena R\u00edos \ud83c\udfb7\ud83c\udf38 (@_ElenaRios) <a href=\"https:\/\/twitter.com\/_ElenaRios\/status\/1248614635407724545?ref_src=twsrc%5Etfw\">10 de abril de 2020<\/a><\/blockquote><\/div>\n<\/div><\/figure>\n\n\n\n<p>EXIGEN EXPLICACI\u00d3N<\/p>\n\n\n\n<p>Y es que el pasado lunes, Juan Antonio\nV. C., se entreg\u00f3 ante las autoridades de la Secretar\u00eda de Seguridad P\u00fablica,\nquienes tras posar para la foto, pusieron a disposici\u00f3n de la Fiscal\u00eda al\nsujeto, ello sin esposarlo y con trato preferencial, seg\u00fan diversas denuncias.<\/p>\n\n\n\n<p>Por lo anterior el senador de la\nRep\u00fablica por Morena, Salom\u00f3n Jara Cruz, exigi\u00f3 al fiscal general del Estado,\nRub\u00e9n Vasconcelos M\u00e9ndez, una explicaci\u00f3n en torno al trato preferencial con el\nque fue beneficiado el ex diputado local por el PRI, no solo en su detenci\u00f3n\nsino al inicio del proceso penal donde se aplaz\u00f3 la audiencia y se permiti\u00f3 que\nacudiera a una cl\u00ednica particular.<\/p>\n\n\n\n<p>\u201cEl Fiscal General en #Oaxaca Rub\u00e9n\nVasconcelos, debe explicarle al pueblo el trato preferente a Juan Vera\nCarrizal, se\u00f1alado como autor intelectual del ataque a Mar\u00eda Elena R\u00edos, \u00bfa\ntodos los detenidos se les permite aplazar el proceso penal y acudir a atenci\u00f3n\nm\u00e9dica privada?\u201d, expuso el pol\u00edtico en sus redes sociales.<\/p>\n\n\n\n<p>As\u00ed mismo, detall\u00f3 que es urgente que\nel fiscal informe los detalles del proceso penal sin reservas y que se\npronuncie en favor de las v\u00edctimas y no de los \u201cpoderosos y due\u00f1os del dinero\u201d,\nya que la ciudadan\u00eda est\u00e1 cansada de la opacidad con la que se ha desarrollado\nel caso de la joven saxofonista.<\/p>\n\n\n\n<p>TAMBI\u00c9N CONGRESO<\/p>\n\n\n\n<p>Mientras que el diputado local y\npresidente de la Junta de Coordinaci\u00f3n Pol\u00edtica, Horacio Sosa Villavicencio,\nhizo un llamado respetuoso al titular del Tribunal Superior de Justicia del\nEstado de Oaxaca, Eduardo Pinacho S\u00e1nchez, para garantizar un proceso de\nimpartici\u00f3n de justicia apegada a la perspectiva de g\u00e9nero y los derechos\nhumanos.<\/p>\n\n\n\n<p>Asegur\u00f3 que la agresi\u00f3n a Mar\u00eda Elena\nha indignado a gran parte de la sociedad oaxaque\u00f1a por lo que es importante\ngarantizar el acceso a la justicia para la v\u00edctima, adem\u00e1s de cuestionar que se\npospusiera en dos ocasiones la audiencia en contra del hoy procesado por el\ndelito de tentativa de feminicidio.<\/p>\n\n\n\n<p>\u201cLa corrupci\u00f3n no puede estar por\nencima de la justicia\u201d, sentenci\u00f3, a la par que detall\u00f3 que desde el Congreso\nlocal se mantendr\u00e1n alerta ante cualquier situaci\u00f3n an\u00f3mala que se pueda\nregistrar<\/p>\n\n\n\n<p>Por su parte, la Fiscal\u00eda General del\nEstado confirm\u00f3 que tras una audiencia de casi 20 horas, se logr\u00f3 obtener del\nJuzgado de Control de Huajuapan de Le\u00f3n, auto de vinculaci\u00f3n a proceso contra\nJuan Antonio V. C. como probable responsable del delito de feminicidio en grado\nde tentativa en agravio de la joven M. E. R. O., cometido el 9 de septiembre de\n2019.<\/p>\n\n\n\n<p>Precis\u00f3 que precis\u00f3 que hasta el\nmomento suman cuatro las personas aprehendidas por la comisi\u00f3n de este delito,\ntres de las cuales ya fueron vinculadas a proceso. <\/p>\n\n\n\n<p>Se trata de P. H. Y., y R. H. R.,\naprehendidos el 23 y 25 de diciembre de 2019, as\u00ed como R. L. CH., aprehendido\nel pasado 1 de abril del presente a\u00f1o, adem\u00e1s de asegurar que las\ninvestigaciones en torno al caso continuar\u00e1n. <\/p>\n","protected":false},"excerpt":{"rendered":"<p>Evlin Arag\u00f3n\/Zona Roja. Oaxaca de Ju\u00e1rez, Oax., 10 de abril de 2020.- \u201cGracias a todas&hellip;<\/p>\n","protected":false},"author":2,"featured_media":10923,"comment_status":"closed","ping_status":"open","sticky":false,"template":"","format":"standard","meta":{"_lmt_disableupdate":"","_lmt_disable":"","_jetpack_memberships_contains_paid_content":false,"footnotes":""},"categories":[109,47],"tags":[1124],"class_list":["post-10922","post","type-post","status-publish","format-standard","has-post-thumbnail","hentry","category-minuto-a-minuto","category-zona-gris","tag-maria-elena-rios-ortiz"],"jetpack_featured_media_url":"https:\/\/zonaroja.com.mx\/wp-content\/uploads\/2020\/04\/Mar\u00eda-Elena-R.-O..jpg","jetpack_sharing_enabled":true,"_links":{"self":[{"href":"https:\/\/zonaroja.com.mx\/index.php?rest_route=\/wp\/v2\/posts\/10922","targetHints":{"allow":["GET"]}}],"collection":[{"href":"https:\/\/zonaroja.com.mx\/index.php?rest_route=\/wp\/v2\/posts"}],"about":[{"href":"https:\/\/zonaroja.com.mx\/index.php?rest_route=\/wp\/v2\/types\/post"}],"author":[{"embeddable":true,"href":"https:\/\/zonaroja.com.mx\/index.php?rest_route=\/wp\/v2\/users\/2"}],"replies":[{"embeddable":true,"href":"https:\/\/zonaroja.com.mx\/index.php?rest_route=%2Fwp%2Fv2%2Fcomments&post=10922"}],"version-history":[{"count":1,"href":"https:\/\/zonaroja.com.mx\/index.php?rest_route=\/wp\/v2\/posts\/10922\/revisions"}],"predecessor-version":[{"id":10924,"href":"https:\/\/zonaroja.com.mx\/index.php?rest_route=\/wp\/v2\/posts\/10922\/revisions\/10924"}],"wp:featuredmedia":[{"embeddable":true,"href":"https:\/\/zonaroja.com.mx\/index.php?rest_route=\/wp\/v2\/media\/10923"}],"wp:attachment":[{"href":"https:\/\/zonaroja.com.mx\/index.php?rest_route=%2Fwp%2Fv2%2Fmedia&parent=10922"}],"wp:term":[{"taxonomy":"category","embeddable":true,"href":"https:\/\/zonaroja.com.mx\/index.php?rest_route=%2Fwp%2Fv2%2Fcategories&post=10922"},{"taxonomy":"post_tag","embeddable":true,"href":"https:\/\/zonaroja.com.mx\/index.php?rest_route=%2Fwp%2Fv2%2Ftags&post=10922"}],"curies":[{"name":"wp","href":"https:\/\/api.w.org\/{rel}","templated":true}]}}