{"id":10932,"date":"2020-04-10T13:10:12","date_gmt":"2020-04-10T18:10:12","guid":{"rendered":"http:\/\/www.zonaroja.com.mx\/?p=10932"},"modified":"2020-04-10T13:50:40","modified_gmt":"2020-04-10T18:50:40","slug":"personal-medico-de-pochutla-impide-ingreso-de-pacientes-de-huatulco-con-covid","status":"publish","type":"post","link":"https:\/\/zonaroja.com.mx\/?p=10932","title":{"rendered":"Personal m\u00e9dico de Pochutla impide ingreso de pacientes de Huatulco con Covid"},"content":{"rendered":"\n<p>Yuridiana Sosa\/Zona Roja<\/p>\n\n\n\n<p>Oaxaca de Ju\u00e1rez, Oax., 10 de abril de\n2020.- Personal m\u00e9dico del Hospital Regional de San Pedro Pochutla, con apoyo\nde habitantes del lugar, bloquearon la noche de este jueves los accesos al\nnosocomio en rechazo a la atenci\u00f3n de dos pacientes enviados por el Hospital\nB\u00e1sico Comunitario de Santa Mar\u00eda Huatulco, presuntamente con coronavirus.<\/p>\n\n\n\n<p>Ante la posibilidad de atender pacientes contagiados, originarios del municipio vecino de Huatulco, los trabajadores de salud cerraron el paso para el arribo de la ambulancia.<\/p>\n\n\n\n<p>La presidente municipal, Saymi Pineda Velasco, inform\u00f3 que uno de los pacientes era un menor de cinco a\u00f1os de edad que padec\u00eda de fiebre, pero que no ser\u00eda recibido porque el hospital de Pochutla, de los Servicios de Salud de Oaxaca (SSO), no cuenta con las condiciones para atender a m\u00e1s pacientes con Covid-19.<\/p>\n\n\n\n<figure class=\"wp-block-image\"><img decoding=\"async\" width=\"1024\" height=\"512\" src=\"http:\/\/www.zonaroja.com.mx\/wp-content\/uploads\/2020\/04\/Bloqueo-Pochutla-2-1024x512.jpg\" alt=\"\" class=\"wp-image-10933\" srcset=\"https:\/\/zonaroja.com.mx\/wp-content\/uploads\/2020\/04\/Bloqueo-Pochutla-2-1024x512.jpg 1024w, https:\/\/zonaroja.com.mx\/wp-content\/uploads\/2020\/04\/Bloqueo-Pochutla-2-300x150.jpg 300w, https:\/\/zonaroja.com.mx\/wp-content\/uploads\/2020\/04\/Bloqueo-Pochutla-2-768x384.jpg 768w, https:\/\/zonaroja.com.mx\/wp-content\/uploads\/2020\/04\/Bloqueo-Pochutla-2-1170x585.jpg 1170w, https:\/\/zonaroja.com.mx\/wp-content\/uploads\/2020\/04\/Bloqueo-Pochutla-2-585x293.jpg 585w, https:\/\/zonaroja.com.mx\/wp-content\/uploads\/2020\/04\/Bloqueo-Pochutla-2.jpg 1280w\" sizes=\"(max-width: 1024px) 100vw, 1024px\" \/><\/figure>\n\n\n\n<p>El hecho se registr\u00f3 la noche de este\njueves cerca de las 23:00 horas, tras la confirmaci\u00f3n de la referencia de los\npacientes, por lo que el personal m\u00e9dico pidi\u00f3 el apoyo del resto de los\ntrabajos y de la comunidad.<\/p>\n\n\n\n<p>El argumento es que son personas ajenas\na la comunidad que ponen en riesgo la salud de habitantes y trabajadores del\nhospital Pochutla, quienes no cuentan con equipo m\u00e9dico y \u00e1reas acondicionadas.<\/p>\n\n\n\n<p>El pasado 6 de abril el Hospital B\u00e1sico\nComunitario de Huatulco transfiri\u00f3 a Pochutla a primera la persona registrada\ncon Covid-19 en la regi\u00f3n de la Costa.<\/p>\n","protected":false},"excerpt":{"rendered":"<p>Yuridiana Sosa\/Zona Roja Oaxaca de Ju\u00e1rez, Oax., 10 de abril de 2020.- Personal m\u00e9dico del&hellip;<\/p>\n","protected":false},"author":2,"featured_media":10936,"comment_status":"closed","ping_status":"open","sticky":false,"template":"","format":"standard","meta":{"_lmt_disableupdate":"","_lmt_disable":"","_jetpack_memberships_contains_paid_content":false,"footnotes":""},"categories":[109,47],"tags":[1605],"class_list":["post-10932","post","type-post","status-publish","format-standard","has-post-thumbnail","hentry","category-minuto-a-minuto","category-zona-gris","tag-hospital-san-pedro-pochutla"],"jetpack_featured_media_url":"https:\/\/zonaroja.com.mx\/wp-content\/uploads\/2020\/04\/img_0542.jpg","jetpack_sharing_enabled":true,"_links":{"self":[{"href":"https:\/\/zonaroja.com.mx\/index.php?rest_route=\/wp\/v2\/posts\/10932","targetHints":{"allow":["GET"]}}],"collection":[{"href":"https:\/\/zonaroja.com.mx\/index.php?rest_route=\/wp\/v2\/posts"}],"about":[{"href":"https:\/\/zonaroja.com.mx\/index.php?rest_route=\/wp\/v2\/types\/post"}],"author":[{"embeddable":true,"href":"https:\/\/zonaroja.com.mx\/index.php?rest_route=\/wp\/v2\/users\/2"}],"replies":[{"embeddable":true,"href":"https:\/\/zonaroja.com.mx\/index.php?rest_route=%2Fwp%2Fv2%2Fcomments&post=10932"}],"version-history":[{"count":3,"href":"https:\/\/zonaroja.com.mx\/index.php?rest_route=\/wp\/v2\/posts\/10932\/revisions"}],"predecessor-version":[{"id":10938,"href":"https:\/\/zonaroja.com.mx\/index.php?rest_route=\/wp\/v2\/posts\/10932\/revisions\/10938"}],"wp:featuredmedia":[{"embeddable":true,"href":"https:\/\/zonaroja.com.mx\/index.php?rest_route=\/wp\/v2\/media\/10936"}],"wp:attachment":[{"href":"https:\/\/zonaroja.com.mx\/index.php?rest_route=%2Fwp%2Fv2%2Fmedia&parent=10932"}],"wp:term":[{"taxonomy":"category","embeddable":true,"href":"https:\/\/zonaroja.com.mx\/index.php?rest_route=%2Fwp%2Fv2%2Fcategories&post=10932"},{"taxonomy":"post_tag","embeddable":true,"href":"https:\/\/zonaroja.com.mx\/index.php?rest_route=%2Fwp%2Fv2%2Ftags&post=10932"}],"curies":[{"name":"wp","href":"https:\/\/api.w.org\/{rel}","templated":true}]}}