{"id":10939,"date":"2020-04-10T14:14:07","date_gmt":"2020-04-10T19:14:07","guid":{"rendered":"http:\/\/www.zonaroja.com.mx\/?p=10939"},"modified":"2020-04-10T14:14:09","modified_gmt":"2020-04-10T19:14:09","slug":"registra-oaxaca-segunda-persona-fallecida-por-coronavirus","status":"publish","type":"post","link":"https:\/\/zonaroja.com.mx\/?p=10939","title":{"rendered":"Registra Oaxaca segunda persona fallecida por coronavirus"},"content":{"rendered":"\n<p>Ismael Garc\u00eda\/Zona Roja.<\/p>\n\n\n\n<p>Oaxaca de Ju\u00e1rez, Oax., 10 de abril de\n2020.- Los Servicios de Salud de Oaxaca (SSO) confirmaron un segundo deceso a\ncausa del coronavirus en la entidad oaxaque\u00f1a.<\/p>\n\n\n\n<p>\u201cLamentablemente Oaxaca registra una\nsegunda defunci\u00f3n relacionada a Covid-19; se trata de una mujer de 42 a\u00f1os de\nedad de la regi\u00f3n de Valles Centrales, con padecimientos cr\u00f3nicos\u201d, dijo v\u00eda redes\nsociales el titular de la dependencia, Donato Casas Escamilla.<\/p>\n\n\n\n<p>En un\ncomunicado, precis\u00f3 que la paciente ingres\u00f3 al Hospital General de Zona 01 del\nInstituto Mexicano del Seguro Social (IMSS), el d\u00eda 6 de abril, donde recibi\u00f3\natenci\u00f3n m\u00e9dica conforme a los protocolos establecidos por la Federaci\u00f3n para\nel manejo de pacientes sospechosos de esta patolog\u00eda.<\/p>\n\n\n\n<p>El diagn\u00f3stico\nse confirm\u00f3 el 8 del mismo mes por la tarde, por lo que apareci\u00f3 en la\nplataforma el d\u00eda 9, pormenoriz\u00f3 el funcionario.<\/p>\n\n\n\n<p>Desde ayer por la tarde y en el\ntranscurso de este d\u00eda, el IMSS refuerza las medidas sanitarias en su hospital\nprincipal, ubicado sobre la calzada H\u00e9roes de Chapultepec de la capital, a fin\nde evitar m\u00e1s contagios.<\/p>\n\n\n\n<p>Por su parte, la autoridad municipal de\nSantiago Suchilquitongo, Etla, inform\u00f3 que existe una persona fallecida por\ncoronavirus Covid-19 en su comunidad &#8211;que ser\u00eda la que confirmaron los SSO&#8211;,\nas\u00ed como un caso sospechoso. <\/p>\n\n\n\n<p>Ante ello, el edil Julio C\u00e9sar\nRodr\u00edguez L\u00f3pez pidi\u00f3 a la poblaci\u00f3n en general mantener la calma ante la\nsituaci\u00f3n.<\/p>\n\n\n\n<p>\u201cTambi\u00e9n pedimos no crear historias ni\nextender informaci\u00f3n que no sea oficial. Hagamos conciencia en seguir las\nrecomendaciones para mantener nuestra salud\u201d, expuso en un oficio.<\/p>\n","protected":false},"excerpt":{"rendered":"<p>Ismael Garc\u00eda\/Zona Roja. Oaxaca de Ju\u00e1rez, Oax., 10 de abril de 2020.- Los Servicios de&hellip;<\/p>\n","protected":false},"author":2,"featured_media":10940,"comment_status":"closed","ping_status":"open","sticky":false,"template":"","format":"standard","meta":{"_lmt_disableupdate":"","_lmt_disable":"","_jetpack_memberships_contains_paid_content":false,"footnotes":""},"categories":[109,47],"tags":[1512],"class_list":["post-10939","post","type-post","status-publish","format-standard","has-post-thumbnail","hentry","category-minuto-a-minuto","category-zona-gris","tag-coronavirus-oaxaca"],"jetpack_featured_media_url":"https:\/\/zonaroja.com.mx\/wp-content\/uploads\/2020\/04\/70c34b56-b2da-436a-98ad-1572d2cfb7ff.jpg","jetpack_sharing_enabled":true,"_links":{"self":[{"href":"https:\/\/zonaroja.com.mx\/index.php?rest_route=\/wp\/v2\/posts\/10939","targetHints":{"allow":["GET"]}}],"collection":[{"href":"https:\/\/zonaroja.com.mx\/index.php?rest_route=\/wp\/v2\/posts"}],"about":[{"href":"https:\/\/zonaroja.com.mx\/index.php?rest_route=\/wp\/v2\/types\/post"}],"author":[{"embeddable":true,"href":"https:\/\/zonaroja.com.mx\/index.php?rest_route=\/wp\/v2\/users\/2"}],"replies":[{"embeddable":true,"href":"https:\/\/zonaroja.com.mx\/index.php?rest_route=%2Fwp%2Fv2%2Fcomments&post=10939"}],"version-history":[{"count":1,"href":"https:\/\/zonaroja.com.mx\/index.php?rest_route=\/wp\/v2\/posts\/10939\/revisions"}],"predecessor-version":[{"id":10941,"href":"https:\/\/zonaroja.com.mx\/index.php?rest_route=\/wp\/v2\/posts\/10939\/revisions\/10941"}],"wp:featuredmedia":[{"embeddable":true,"href":"https:\/\/zonaroja.com.mx\/index.php?rest_route=\/wp\/v2\/media\/10940"}],"wp:attachment":[{"href":"https:\/\/zonaroja.com.mx\/index.php?rest_route=%2Fwp%2Fv2%2Fmedia&parent=10939"}],"wp:term":[{"taxonomy":"category","embeddable":true,"href":"https:\/\/zonaroja.com.mx\/index.php?rest_route=%2Fwp%2Fv2%2Fcategories&post=10939"},{"taxonomy":"post_tag","embeddable":true,"href":"https:\/\/zonaroja.com.mx\/index.php?rest_route=%2Fwp%2Fv2%2Ftags&post=10939"}],"curies":[{"name":"wp","href":"https:\/\/api.w.org\/{rel}","templated":true}]}}