{"id":10946,"date":"2020-04-10T17:59:28","date_gmt":"2020-04-10T22:59:28","guid":{"rendered":"https:\/\/www.zonaroja.com.mx\/?p=10946"},"modified":"2020-04-10T17:59:29","modified_gmt":"2020-04-10T22:59:29","slug":"registran-84-incendios-forestales-en-oaxaca-durante-este-anoredaccion-zona-roja","status":"publish","type":"post","link":"https:\/\/zonaroja.com.mx\/?p=10946","title":{"rendered":"Registran 84 incendios forestales en Oaxaca, durante este a\u00f1oRedacci\u00f3n\/Zona Roja."},"content":{"rendered":"\n<p>Oaxaca de Ju\u00e1rez, Oax., 10 de abril de 2020.- La Comisi\u00f3n Estatal Forestal de Oaxaca (Coesfo) inform\u00f3 que este a\u00f1o se han presentado  84 incendios forestales en la entidad, de los cuales, al corte de <a href=\"\/\/1\">este viernes a las 15:30<\/a> horas, cinco se encuentran activos y 79 han sido liquidados.<\/p>\n\n\n\n<p>En un comunicado, inform\u00f3 que en el municipio de San Miguel Chimalapa se tienen un incendio en la zona l\u00edmitrofe con el estado de Chiapas, en la localidad \u201cLos Dom\u00ednguez\u201d, el cual se desplaza para \u201cBella Vista\u201d y \u201cRancho Quemado\u201d. Tambi\u00e9n en la regi\u00f3n del Istmo, se localiza un incendio en el paraje \u201cEl Tej\u00f3n\u201d, en Santo Domingo Petapa.<\/p>\n\n\n\n<p>En la Mixteca se suscit\u00f3 un incendio en Santiago Juxtlahuaca, en el paraje \u201cTileta\u201d, y otro en Santa Ana del Progreso, San Andr\u00e9s Cabecera Nueva, Tlaxiaco.<\/p>\n\n\n\n<p>El quinto incendio se ubica en el paraje \u201cPaso Ancho\u201d en Villa Sola de Vega, en los l\u00edmites de San Vicente Coatl\u00e1n, el cual se encuentra en zona de conflicto, por lo que la Secretar\u00eda General de Gobierno ya trabaja en ello para poder accesar al lugar.<\/p>\n\n\n\n<p>El incendio forestal presentado esta tarde en San Andr\u00e9s Huay\u00e1pam, en los Valles Centrales, fue liquidado por las brigadas oficiales de la Coesfo y comuneros del municipio y de San Felipe del Agua.<\/p>\n\n\n\n<p>Expuso que en la regi\u00f3n del Istmo y Mixteca se da atenci\u00f3n a los incendios en coordinaci\u00f3n con la Comisi\u00f3n Nacional Forestal (Conafor) y la Comisi\u00f3n Nacional de \u00c1reas Naturales (Conanp).<\/p>\n","protected":false},"excerpt":{"rendered":"<p>Oaxaca de Ju\u00e1rez, Oax., 10 de abril de 2020.- La Comisi\u00f3n Estatal Forestal de Oaxaca&hellip;<\/p>\n","protected":false},"author":2,"featured_media":10945,"comment_status":"closed","ping_status":"open","sticky":false,"template":"","format":"standard","meta":{"_lmt_disableupdate":"","_lmt_disable":"","_jetpack_memberships_contains_paid_content":false,"footnotes":""},"categories":[109,47],"tags":[1255],"class_list":["post-10946","post","type-post","status-publish","format-standard","has-post-thumbnail","hentry","category-minuto-a-minuto","category-zona-gris","tag-comision-estatal-forestal-de-oaxaca"],"jetpack_featured_media_url":"https:\/\/zonaroja.com.mx\/wp-content\/uploads\/2020\/04\/img_0754.jpg","jetpack_sharing_enabled":true,"_links":{"self":[{"href":"https:\/\/zonaroja.com.mx\/index.php?rest_route=\/wp\/v2\/posts\/10946","targetHints":{"allow":["GET"]}}],"collection":[{"href":"https:\/\/zonaroja.com.mx\/index.php?rest_route=\/wp\/v2\/posts"}],"about":[{"href":"https:\/\/zonaroja.com.mx\/index.php?rest_route=\/wp\/v2\/types\/post"}],"author":[{"embeddable":true,"href":"https:\/\/zonaroja.com.mx\/index.php?rest_route=\/wp\/v2\/users\/2"}],"replies":[{"embeddable":true,"href":"https:\/\/zonaroja.com.mx\/index.php?rest_route=%2Fwp%2Fv2%2Fcomments&post=10946"}],"version-history":[{"count":1,"href":"https:\/\/zonaroja.com.mx\/index.php?rest_route=\/wp\/v2\/posts\/10946\/revisions"}],"predecessor-version":[{"id":10947,"href":"https:\/\/zonaroja.com.mx\/index.php?rest_route=\/wp\/v2\/posts\/10946\/revisions\/10947"}],"wp:featuredmedia":[{"embeddable":true,"href":"https:\/\/zonaroja.com.mx\/index.php?rest_route=\/wp\/v2\/media\/10945"}],"wp:attachment":[{"href":"https:\/\/zonaroja.com.mx\/index.php?rest_route=%2Fwp%2Fv2%2Fmedia&parent=10946"}],"wp:term":[{"taxonomy":"category","embeddable":true,"href":"https:\/\/zonaroja.com.mx\/index.php?rest_route=%2Fwp%2Fv2%2Fcategories&post=10946"},{"taxonomy":"post_tag","embeddable":true,"href":"https:\/\/zonaroja.com.mx\/index.php?rest_route=%2Fwp%2Fv2%2Ftags&post=10946"}],"curies":[{"name":"wp","href":"https:\/\/api.w.org\/{rel}","templated":true}]}}