{"id":10948,"date":"2020-04-10T19:34:57","date_gmt":"2020-04-11T00:34:57","guid":{"rendered":"http:\/\/www.zonaroja.com.mx\/?p=10948"},"modified":"2020-04-10T19:43:46","modified_gmt":"2020-04-11T00:43:46","slug":"exige-mult-justicia-por-el-asesinato-de-dos-de-sus-militantes-en-la-mixteca","status":"publish","type":"post","link":"https:\/\/zonaroja.com.mx\/?p=10948","title":{"rendered":"Exige MULT justicia por el asesinato de dos de sus militantes en la Mixteca"},"content":{"rendered":"\n<p>Evlin Arag\u00f3n\/Zona Roja.<\/p>\n\n\n\n<p>Oaxaca de Ju\u00e1rez, Oax., 10 de abril de\n2020.- Integrantes del Movimiento Unificador de Lucha Triqui (MULT) demandaron\nel esclarecimiento inmediato del asesinato de dos de sus militantes, perpetrado\nayer en el municipio de Constancia del Rosario, en la regi\u00f3n Mixteca de Oaxaca.<\/p>\n\n\n\n<p>\u201cYa basta, desde esta tribuna popular\nconvocamos a todos y todas quienes sepan un dato de quienes fueron los\ncriminales, nos los hagan llegar y si es posible los entregue a la mano de la\njusticia, porque si bien es cierto nosotros luchamos por la paz, tambi\u00e9n\nqueremos que no haya ning\u00fan muerto m\u00e1s\u201d, expresaron en un comunicado.<\/p>\n\n\n\n<p>En el exterior de un comedor, ayer\nfueron ultimados a balazos Pablito Guzm\u00e1n Solano, de 32 a\u00f1os de edad, y Esteban\nMart\u00ednez P\u00e9rez, de 46 a\u00f1os, defensores de la paz y promotores de cambios en la\nzona.<\/p>\n\n\n\n<p>Los dirigentes del MULT recordaron que\nest\u00e1 pendiente&nbsp; una mesa de di\u00e1logo con\nlos tres \u00f3rdenes de gobierno para consolidar un acuerdo de paz en la naci\u00f3n triqui,\nmisma que prometi\u00f3 el Presidente de la Rep\u00fablica, Andr\u00e9s Manuel L\u00f3pez Obrador,\ndesde octubre del 2019.<\/p>\n\n\n\n<p>\u201cAl Gobierno de la Rep\u00fablica le decimos\nque estamos esperando la mesa de di\u00e1logo con los tres niveles de gobierno, con\nuna mesa de justicia y paz y la otra que aborden en el desarrollo social de\nnuestra naci\u00f3n triqui. Nos interesan las dos mesas, pero hoy ante el dolor que\npadecemos solicitamos se instalen de manera inmediata la mesa de justicia\u201d,\nexpusieron en un comunicado.<\/p>\n\n\n\n<p>As\u00ed mismo exigieron una exhaustiva\ninvestigaci\u00f3n por parte del Gobierno del Estado, a trav\u00e9s de la Fiscal\u00eda\nGeneral del Estado, a quien pidieron que act\u00faen de manera inmediata y que no\nencubra a los criminales de tan lamentable asesinato<\/p>\n\n\n\n<p>A la exigencia se uni\u00f3 la dirigencia de\nla Unidad de Bienestar Social de la Regi\u00f3n Triqui (Ubisort) que adem\u00e1s lament\u00f3 la\nviolencia que resurge en la ya sufrida regi\u00f3n triqui, por lo que pidi\u00f3 castigo\na los autores materiales e intelectuales de tan cobarde hecho<\/p>\n\n\n\n<p>As\u00ed mismo se deslind\u00f3 del conflicto de\ntierras entre localidades adscritas a la Ubisort con autoridades de San Pedro\nChayuco, con quienes dijo buscar\u00e1 un di\u00e1logo que pueda estar\u00e1 mediado por las\nautoridades de la Secretaria General de Gobierno y la Procuradur\u00eda Agraria con\nla intenci\u00f3n de dar \ufb01n a un tema tan importante como lo es el de colindancias.<\/p>\n","protected":false},"excerpt":{"rendered":"<p>Evlin Arag\u00f3n\/Zona Roja. Oaxaca de Ju\u00e1rez, Oax., 10 de abril de 2020.- Integrantes del Movimiento&hellip;<\/p>\n","protected":false},"author":2,"featured_media":2973,"comment_status":"closed","ping_status":"open","sticky":false,"template":"","format":"standard","meta":{"_lmt_disableupdate":"","_lmt_disable":"","_jetpack_memberships_contains_paid_content":false,"footnotes":""},"categories":[109,51],"tags":[1601,732],"class_list":["post-10948","post","type-post","status-publish","format-standard","has-post-thumbnail","hentry","category-minuto-a-minuto","category-zona-roja","tag-constancia-del-rosario","tag-movimiento-de-unificacion-y-lucha-triqui"],"jetpack_featured_media_url":"https:\/\/zonaroja.com.mx\/wp-content\/uploads\/2019\/08\/MULT1.jpg","jetpack_sharing_enabled":true,"_links":{"self":[{"href":"https:\/\/zonaroja.com.mx\/index.php?rest_route=\/wp\/v2\/posts\/10948","targetHints":{"allow":["GET"]}}],"collection":[{"href":"https:\/\/zonaroja.com.mx\/index.php?rest_route=\/wp\/v2\/posts"}],"about":[{"href":"https:\/\/zonaroja.com.mx\/index.php?rest_route=\/wp\/v2\/types\/post"}],"author":[{"embeddable":true,"href":"https:\/\/zonaroja.com.mx\/index.php?rest_route=\/wp\/v2\/users\/2"}],"replies":[{"embeddable":true,"href":"https:\/\/zonaroja.com.mx\/index.php?rest_route=%2Fwp%2Fv2%2Fcomments&post=10948"}],"version-history":[{"count":1,"href":"https:\/\/zonaroja.com.mx\/index.php?rest_route=\/wp\/v2\/posts\/10948\/revisions"}],"predecessor-version":[{"id":10949,"href":"https:\/\/zonaroja.com.mx\/index.php?rest_route=\/wp\/v2\/posts\/10948\/revisions\/10949"}],"wp:featuredmedia":[{"embeddable":true,"href":"https:\/\/zonaroja.com.mx\/index.php?rest_route=\/wp\/v2\/media\/2973"}],"wp:attachment":[{"href":"https:\/\/zonaroja.com.mx\/index.php?rest_route=%2Fwp%2Fv2%2Fmedia&parent=10948"}],"wp:term":[{"taxonomy":"category","embeddable":true,"href":"https:\/\/zonaroja.com.mx\/index.php?rest_route=%2Fwp%2Fv2%2Fcategories&post=10948"},{"taxonomy":"post_tag","embeddable":true,"href":"https:\/\/zonaroja.com.mx\/index.php?rest_route=%2Fwp%2Fv2%2Ftags&post=10948"}],"curies":[{"name":"wp","href":"https:\/\/api.w.org\/{rel}","templated":true}]}}