{"id":10951,"date":"2020-04-10T20:27:21","date_gmt":"2020-04-11T01:27:21","guid":{"rendered":"http:\/\/www.zonaroja.com.mx\/?p=10951"},"modified":"2020-04-10T20:27:25","modified_gmt":"2020-04-11T01:27:25","slug":"detiene-sspo-a-dos-presuntos-integrantes-del-cjng-en-la-cuenca","status":"publish","type":"post","link":"https:\/\/zonaroja.com.mx\/?p=10951","title":{"rendered":"Detiene SSPO a dos presuntos integrantes del CJNG en la Cuenca"},"content":{"rendered":"\n<p>Redacci\u00f3n\/Zona Roja.<\/p>\n\n\n\n<p>Oaxaca de Ju\u00e1rez, Oax., 10 de abril de\n2020.- Dos individuos que dijeron ser integrantes del C\u00e1rtel Jalisco Nueva\nGeneraci\u00f3n (CJNG), fueron detenidos ayer por personal de la Secretar\u00eda de\nSeguridad P\u00fablica de Oaxaca (SSPO) a bordo de un potente autom\u00f3vil en que se\ndesplazaban.<\/p>\n\n\n\n<p>Ambos iban dotados de armas de fuego de\ngrueso calibre, al parecer calibre 9 mm y dos cargadores. <\/p>\n\n\n\n<p>Su detenci\u00f3n ocurri\u00f3 durante un\noperativo de seguridad en el fraccionamiento Costa Verde de San Juan Bautista Tuxtepec,\nsobre la calle Francisco I. Madero, donde elementos de la Polic\u00eda Estatal detectaron\nun autom\u00f3vil marca Honda, tipo Civic, con placas de circulaci\u00f3n YNE-545 color\nazul y vidrios polarizados, en que viajaban dos individuos.<\/p>\n\n\n\n<p>Los ocupantes del veh\u00edculo pretendieron\nescapar al verse descubiertos por la polic\u00eda, pero no lograron su objetivo.<\/p>\n\n\n\n<p>Tras ser sometidos, los individuos se\nidentificaron como Jorge D.O. y Marco Antonio S. C., ambos iban armados y son\noriginarios de Tuxtepec y de Veracruz.<\/p>\n\n\n\n<p>Tras presuntamente decir que eran\nintegrantes del C\u00e1rtel Jalisco, quedaron a disposici\u00f3n de la Fiscal\u00eda General\nde la Rep\u00fablica.<\/p>\n","protected":false},"excerpt":{"rendered":"<p>Redacci\u00f3n\/Zona Roja. Oaxaca de Ju\u00e1rez, Oax., 10 de abril de 2020.- Dos individuos que dijeron&hellip;<\/p>\n","protected":false},"author":2,"featured_media":10952,"comment_status":"closed","ping_status":"open","sticky":false,"template":"","format":"standard","meta":{"_lmt_disableupdate":"","_lmt_disable":"","_jetpack_memberships_contains_paid_content":false,"footnotes":""},"categories":[109,51],"tags":[118],"class_list":["post-10951","post","type-post","status-publish","format-standard","has-post-thumbnail","hentry","category-minuto-a-minuto","category-zona-roja","tag-san-juan-bautista-tuxtepec"],"jetpack_featured_media_url":"https:\/\/zonaroja.com.mx\/wp-content\/uploads\/2020\/04\/Detenidos-Cuenca.jpg","jetpack_sharing_enabled":true,"_links":{"self":[{"href":"https:\/\/zonaroja.com.mx\/index.php?rest_route=\/wp\/v2\/posts\/10951","targetHints":{"allow":["GET"]}}],"collection":[{"href":"https:\/\/zonaroja.com.mx\/index.php?rest_route=\/wp\/v2\/posts"}],"about":[{"href":"https:\/\/zonaroja.com.mx\/index.php?rest_route=\/wp\/v2\/types\/post"}],"author":[{"embeddable":true,"href":"https:\/\/zonaroja.com.mx\/index.php?rest_route=\/wp\/v2\/users\/2"}],"replies":[{"embeddable":true,"href":"https:\/\/zonaroja.com.mx\/index.php?rest_route=%2Fwp%2Fv2%2Fcomments&post=10951"}],"version-history":[{"count":1,"href":"https:\/\/zonaroja.com.mx\/index.php?rest_route=\/wp\/v2\/posts\/10951\/revisions"}],"predecessor-version":[{"id":10953,"href":"https:\/\/zonaroja.com.mx\/index.php?rest_route=\/wp\/v2\/posts\/10951\/revisions\/10953"}],"wp:featuredmedia":[{"embeddable":true,"href":"https:\/\/zonaroja.com.mx\/index.php?rest_route=\/wp\/v2\/media\/10952"}],"wp:attachment":[{"href":"https:\/\/zonaroja.com.mx\/index.php?rest_route=%2Fwp%2Fv2%2Fmedia&parent=10951"}],"wp:term":[{"taxonomy":"category","embeddable":true,"href":"https:\/\/zonaroja.com.mx\/index.php?rest_route=%2Fwp%2Fv2%2Fcategories&post=10951"},{"taxonomy":"post_tag","embeddable":true,"href":"https:\/\/zonaroja.com.mx\/index.php?rest_route=%2Fwp%2Fv2%2Ftags&post=10951"}],"curies":[{"name":"wp","href":"https:\/\/api.w.org\/{rel}","templated":true}]}}