{"id":10954,"date":"2020-04-10T20:49:48","date_gmt":"2020-04-11T01:49:48","guid":{"rendered":"http:\/\/www.zonaroja.com.mx\/?p=10954"},"modified":"2020-04-10T20:51:27","modified_gmt":"2020-04-11T01:51:27","slug":"sube-a-41-los-casos-positivos-de-covid-19-en-oaxaca","status":"publish","type":"post","link":"https:\/\/zonaroja.com.mx\/?p=10954","title":{"rendered":"Sube a 41 los casos positivos de Covid-19 en Oaxaca"},"content":{"rendered":"\n<p>Redacci\u00f3n\/Zona Roja.<\/p>\n\n\n\n<p>Oaxaca de Ju\u00e1rez, Oax.&nbsp; 10 de abril de 2020. De acuerdo al corte del\nSistema Federal de Vigilancia Epidemiol\u00f3gica, los Servicios de Salud de Oaxaca\n(SSO) dieron a conocer que este viernes 10 de abril se han acumulado 41 casos\npositivos al coronavirus Covid-19 en la entidad.<\/p>\n\n\n\n<p>En un comunicado, el titular de la\ndependencia, Donato Casas Escamilla, inform\u00f3 que este nuevo caso, se trata de\nun hombre de 43 a\u00f1os de edad, originario de Valles Centrales, el cual se\nencuentra recibiendo atenci\u00f3n m\u00e9dica, bajo vigilancia epidemiol\u00f3gica.<\/p>\n\n\n\n<p>Sostuvo que se han notificado 410\ncasos, de los cuales 282 son negativos y 87 est\u00e1n en proceso de estudio.\nAsimismo, dijo que este d\u00eda se registr\u00f3 otro lamentable deceso &#8211;una mujer de\n42 a\u00f1os de edad, originaria de los Valles Centrales&#8211; por lo que suman dos\ndefunciones a causa del Covid-19 y se tienen 20 pacientes recuperados.<\/p>\n\n\n\n<p>Agreg\u00f3 que la Jurisdicci\u00f3n Sanitaria\nn\u00famero uno, Valles Centrales reporta 32 casos; el Istmo, Tuxtepec, Costa y la\nMixteca con dos; mientras que la Sierra (Norte) se mantiene con uno.<\/p>\n\n\n\n<p>LINEAMIENTOS SOBRE CAD\u00c1VERES<\/p>\n\n\n\n<p>Por otra parte, la dependencia Servicios\nde Salud de Oaxaca inform\u00f3 que <\/p>\n\n\n\n<p>con fecha 8 de abril del presente a\u00f1o,\nse public\u00f3 en el Peri\u00f3dico Oficial del Gobierno del Estado, el \u201cAcuerdo por el\nque se expiden los lineamientos generales para el manejo seguro, traslado y\ndisposici\u00f3n final de cad\u00e1veres por Covid-19\u201d.<\/p>\n\n\n\n<p>Se\u00f1al\u00f3 que por principio de precauci\u00f3n,\nlos cad\u00e1veres de personas fallecidas por Covid-19 representan un riesgo de\ninfecci\u00f3n y transmisi\u00f3n de enfermedades para las personas asociadas con su\nmanejo y disposici\u00f3n final, ante ello es necesario que la resoluci\u00f3n de los\ncad\u00e1veres se realice a trav\u00e9s de la inhumaci\u00f3n e incineraci\u00f3n.<\/p>\n\n\n\n<p>En este sentido dijo que los presentes\nlineamientos tienen por objeto establecer los mecanismos para el manejo seguro,\ntraslado y disposici\u00f3n de personas fallecidas debido a la infecci\u00f3n por Covid-19,\nque deber\u00e1n aplicar los trabajadores sanitarios, cementerios, crematorios,\nfunerarias y anfiteatros.<\/p>\n\n\n\n<p>Detall\u00f3 que las precauciones a seguir\npor los trabajadores para la manipulaci\u00f3n de cad\u00e1veres son que el personal de\nsalud que atienda y entregue el cad\u00e1ver de la unidad hospitalaria deber\u00e1\ninformar previamente al personal que intervenga en el transporte del tipo de\ncaso y los procedimientos a seguir sobre las medidas de protecci\u00f3n personal.<\/p>\n\n\n\n<p>Se deber\u00e1 retirar todos los tubos,\ndrenajes y cat\u00e9teres del cuerpo. Cualquier orificio o herida punzante resultado\nde la extracci\u00f3n del cat\u00e9ter, drenajes, tubos o de otro tipo, deber\u00e1n\ndesinfectarse con hipoclorito de sodio al 1% y vestirse con material\nimpermeable.<\/p>\n\n\n\n<p>MEDIDAS EXTREMAS<\/p>\n\n\n\n<p>El cad\u00e1ver deber\u00e1 introducirse en una\nbolsa sanitaria con cierre herm\u00e9tico y plastificado, lo cual se deber\u00e1 realizar\ndentro de la propia habitaci\u00f3n de aislamiento; una vez cerrada se deber\u00e1 rociar\nen su totalidad con desinfectante de uso hospitalario o con una soluci\u00f3n de\nhipoclorito al 1%, y colocar una ficha al frente de la bolsa con los datos de identificaci\u00f3n\nde la persona fallecida.<\/p>\n\n\n\n<p>En el manejo por parte de la funeraria,\nla empresa ser\u00e1 la responsable de la adecuada clasificaci\u00f3n y empleo de los\nresiduos que se puedan generar, los cuales ser\u00e1n clasificados como Residuos\nPeligrosos Biol\u00f3gico Infecciosos (RPBI), mismos que deber\u00e1n ser entregados a la\nempresa autorizada para su recolecci\u00f3n y destino final.<\/p>\n\n\n\n<p>En este sentido, el cad\u00e1ver deber\u00e1\nmanipularse en la bolsa sellada y el personal que intervenga deber\u00e1 estar debidamente\ncapacitado y contar con el equipo de protecci\u00f3n personal (EPP), que comprende\nm\u00e1scara quir\u00fargica y guantes de nitrilo. No se podr\u00e1 realizar el embalsamiento\ny en el apartado del transporte, despu\u00e9s de la transferencia del cuerpo al\npersonal para inhumaci\u00f3n o cremaci\u00f3n, el veh\u00edculo ser\u00e1 descontaminado con\nhipoclorito al 1%.<\/p>\n\n\n\n<p>Agreg\u00f3 que la bolsa sanitaria que\ncontenga el cuerpo deber\u00e1 estar sellada y podr\u00e1 introducirse en el f\u00e9retro\nnormal. El destino final, ser\u00e1 mediante inhumaci\u00f3n o cremaci\u00f3n, conforme a lo\nse\u00f1alado en el Reglamento de la Ley General de Salud en materia de control\nsanitario de la disposici\u00f3n de \u00d3rganos, Tejidos y Cad\u00e1veres de seres humanos.<\/p>\n\n\n\n<p>Recalc\u00f3 que no se permitir\u00e1 el contacto\ncon el cad\u00e1ver, ni su visualizaci\u00f3n, y&nbsp;\ndeber\u00e1 estar en un f\u00e9retro sellado. La inhumaci\u00f3n o cremaci\u00f3n deber\u00e1\nrealizarse de forma inmediata y como medida de prevenci\u00f3n se proh\u00edbe el\nservicio de velaci\u00f3n; tampoco se permitir\u00e1n los velatorios en domicilios\nparticulares.<\/p>\n\n\n\n<p>Resalt\u00f3 que las autoridades municipales\ncolaborar\u00e1n adoptando medidas sanitarias durante la inhumaci\u00f3n sin\ndiscriminaci\u00f3n alguna, as\u00ed como dar el seguimiento al cumplimiento de los\npresentes lineamientos.<\/p>\n\n\n\n<p>Indic\u00f3 que seg\u00fan las disposiciones, no\nse autorizar\u00e1 la salida para el traslado internacional de cad\u00e1veres para\npersonas fallecidas en el estado de Oaxaca. A\u00f1adi\u00f3 que el traslado\ninternacional de cenizas, deber\u00e1 realizarse conforme a lo establecido en la\nlegislaci\u00f3n federal aplicable en la materia.<\/p>\n\n\n\n<p>Y en las excepciones, cuando la persona\ndiagnosticada por Covid-19 o con sospecha fundada de estar contagiada de dicho\nvirus fallezca por causa diversa de la cual se advierta un probable delito, la\nautoridad ministerial o judicial competente determinar\u00e1 respecto a la\nprocedencia o no de practicar la autopsia, la cual deber\u00e1 apegarse a las\nmedidas de protecci\u00f3n legalmente establecidas para el manejo de enfermedades\ninfectocontagiosas.<\/p>\n\n\n\n<p>No se realizar\u00e1n autopsias a las\npersonas fallecidas debido a infecci\u00f3n de COVID-19, ya fuesen clasificados como\nprobables o confirmados, salvo indicaciones cl\u00ednicas estrictamente\nfundamentales o por orden de autoridad competente.<\/p>\n\n\n\n<p>Cuando sea visible y evidente la causa\nde muerte de&nbsp; una persona sujeta a una\ncarpeta de investigaci\u00f3n que haya sido diagnosticada o se tenga sospecha que se\nencontraba infectada de Covid-19, se solicitar\u00e1 la dispensa ante el Fiscal\nGeneral del Estado, lo anterior a efectos de salvaguardar la salud de los\nperitos actuantes.<\/p>\n","protected":false},"excerpt":{"rendered":"<p>Redacci\u00f3n\/Zona Roja. Oaxaca de Ju\u00e1rez, Oax.&nbsp; 10 de abril de 2020. De acuerdo al corte&hellip;<\/p>\n","protected":false},"author":2,"featured_media":10956,"comment_status":"closed","ping_status":"open","sticky":false,"template":"","format":"standard","meta":{"_lmt_disableupdate":"","_lmt_disable":"","_jetpack_memberships_contains_paid_content":false,"footnotes":""},"categories":[109,47],"tags":[1512],"class_list":["post-10954","post","type-post","status-publish","format-standard","has-post-thumbnail","hentry","category-minuto-a-minuto","category-zona-gris","tag-coronavirus-oaxaca"],"jetpack_featured_media_url":"https:\/\/zonaroja.com.mx\/wp-content\/uploads\/2020\/04\/GRAFICA-SSO.jpeg","jetpack_sharing_enabled":true,"_links":{"self":[{"href":"https:\/\/zonaroja.com.mx\/index.php?rest_route=\/wp\/v2\/posts\/10954","targetHints":{"allow":["GET"]}}],"collection":[{"href":"https:\/\/zonaroja.com.mx\/index.php?rest_route=\/wp\/v2\/posts"}],"about":[{"href":"https:\/\/zonaroja.com.mx\/index.php?rest_route=\/wp\/v2\/types\/post"}],"author":[{"embeddable":true,"href":"https:\/\/zonaroja.com.mx\/index.php?rest_route=\/wp\/v2\/users\/2"}],"replies":[{"embeddable":true,"href":"https:\/\/zonaroja.com.mx\/index.php?rest_route=%2Fwp%2Fv2%2Fcomments&post=10954"}],"version-history":[{"count":1,"href":"https:\/\/zonaroja.com.mx\/index.php?rest_route=\/wp\/v2\/posts\/10954\/revisions"}],"predecessor-version":[{"id":10955,"href":"https:\/\/zonaroja.com.mx\/index.php?rest_route=\/wp\/v2\/posts\/10954\/revisions\/10955"}],"wp:featuredmedia":[{"embeddable":true,"href":"https:\/\/zonaroja.com.mx\/index.php?rest_route=\/wp\/v2\/media\/10956"}],"wp:attachment":[{"href":"https:\/\/zonaroja.com.mx\/index.php?rest_route=%2Fwp%2Fv2%2Fmedia&parent=10954"}],"wp:term":[{"taxonomy":"category","embeddable":true,"href":"https:\/\/zonaroja.com.mx\/index.php?rest_route=%2Fwp%2Fv2%2Fcategories&post=10954"},{"taxonomy":"post_tag","embeddable":true,"href":"https:\/\/zonaroja.com.mx\/index.php?rest_route=%2Fwp%2Fv2%2Ftags&post=10954"}],"curies":[{"name":"wp","href":"https:\/\/api.w.org\/{rel}","templated":true}]}}