{"id":10958,"date":"2020-04-11T07:33:29","date_gmt":"2020-04-11T12:33:29","guid":{"rendered":"http:\/\/www.zonaroja.com.mx\/?p=10958"},"modified":"2020-04-11T07:33:32","modified_gmt":"2020-04-11T12:33:32","slug":"asesinan-a-dos-menores-de-edad-en-oaxaca-entre-ellos-una-nina","status":"publish","type":"post","link":"https:\/\/zonaroja.com.mx\/?p=10958","title":{"rendered":"Asesinan a dos menores de edad en Oaxaca, entre ellos una ni\u00f1a"},"content":{"rendered":"\n<p>Ismael Garc\u00eda M.\/Zona Roja.<\/p>\n\n\n\n<p>Oaxaca de Ju\u00e1rez, Oax., 11 de abril de\n2020.- Una familia fue emboscada en Acatl\u00e1n de P\u00e9rez Figueroa, Oaxaca, lo que\ndej\u00f3 como saldo dos menores de edad asesinados a balazos, entre ellos una\nmujer; sus padres resultaron lesionados.<\/p>\n\n\n\n<p>Con este doble homicidio, suman al\nmenos 13 cr\u00edmenes perpetrados en 24 horas, de los cuales cuatro son de\nfemeninas; seis de esos asesinatos ocurrieron en la regi\u00f3n del Istmo de\nTehuantepec.<\/p>\n\n\n\n<p>La noche del Viernes Santo, cerca de\nlas 22:00 horas, en un camino que comunica a Acatl\u00e1n con Tierra Blanca,\nVeracruz, una unidad de motor fue emboscada, lo que dej\u00f3 como saldo la muerte\nposterior de una ni\u00f1a de siete a\u00f1os de nombre Mar\u00eda de Jes\u00fas G. M., y de un\nni\u00f1o, de cuatro a\u00f1os. <\/p>\n\n\n\n<p>Los padres fueron internados en un\nhospital de Tierra Blanca, Veracruz, y los reportan delicados de salud; son\noriginarios de Vicente Camalote, Acatl\u00e1n, Oaxaca, y a\u00fan se desconoce el m\u00f3vil\ndel ataque.<\/p>\n\n\n\n<p>ASALTO A GASOLINERA<\/p>\n\n\n\n<p>Por otra parte, ante la nula vigilancia\npor parte de la Polic\u00eda Municipal, cerca de las 02:00 horas un sujeto armado\nasalt\u00f3 una gasolinera en la colonia 23 de Noviembre de San Juan Bautista\nTuxtepec; amag\u00f3 con un arma al despachador y lo despoj\u00f3 de su dinero.<\/p>\n\n\n\n<p>MASACRADOS EN ISTMO<\/p>\n\n\n\n<p>Mientras tanto, autoridades de la\nVicefiscal\u00eda Regional del Istmo adelantaron la identidad de las cinco personas\nmasacradas en San Pedro Tapanatepec, regi\u00f3n del Istmo de Oaxaca.<\/p>\n\n\n\n<p>Se trata de Abigail D. L., de 28 a\u00f1os\nde edad, y Elena T. D., de siete a\u00f1os, adem\u00e1s de Federico C. L., originarios\ndel municipio de Chahuites, Oaxaca. Tambi\u00e9n, Omar O. A., de 40 a\u00f1os, y Lucio V.\nN., de 50 a\u00f1os de edad, originarios de Tampico, Tamaulipas. Por esta masacre\nhasta ahora no hay personas detenidas.<\/p>\n","protected":false},"excerpt":{"rendered":"<p>Ismael Garc\u00eda M.\/Zona Roja. Oaxaca de Ju\u00e1rez, Oax., 11 de abril de 2020.- Una familia&hellip;<\/p>\n","protected":false},"author":2,"featured_media":7486,"comment_status":"closed","ping_status":"open","sticky":false,"template":"","format":"standard","meta":{"_lmt_disableupdate":"","_lmt_disable":"","_jetpack_memberships_contains_paid_content":false,"footnotes":""},"categories":[109,51],"tags":[187],"class_list":["post-10958","post","type-post","status-publish","format-standard","has-post-thumbnail","hentry","category-minuto-a-minuto","category-zona-roja","tag-acatlan-de-perez-figueroa"],"jetpack_featured_media_url":"https:\/\/zonaroja.com.mx\/wp-content\/uploads\/2020\/01\/Escena-del-crimen7.jpg","jetpack_sharing_enabled":true,"_links":{"self":[{"href":"https:\/\/zonaroja.com.mx\/index.php?rest_route=\/wp\/v2\/posts\/10958","targetHints":{"allow":["GET"]}}],"collection":[{"href":"https:\/\/zonaroja.com.mx\/index.php?rest_route=\/wp\/v2\/posts"}],"about":[{"href":"https:\/\/zonaroja.com.mx\/index.php?rest_route=\/wp\/v2\/types\/post"}],"author":[{"embeddable":true,"href":"https:\/\/zonaroja.com.mx\/index.php?rest_route=\/wp\/v2\/users\/2"}],"replies":[{"embeddable":true,"href":"https:\/\/zonaroja.com.mx\/index.php?rest_route=%2Fwp%2Fv2%2Fcomments&post=10958"}],"version-history":[{"count":1,"href":"https:\/\/zonaroja.com.mx\/index.php?rest_route=\/wp\/v2\/posts\/10958\/revisions"}],"predecessor-version":[{"id":10959,"href":"https:\/\/zonaroja.com.mx\/index.php?rest_route=\/wp\/v2\/posts\/10958\/revisions\/10959"}],"wp:featuredmedia":[{"embeddable":true,"href":"https:\/\/zonaroja.com.mx\/index.php?rest_route=\/wp\/v2\/media\/7486"}],"wp:attachment":[{"href":"https:\/\/zonaroja.com.mx\/index.php?rest_route=%2Fwp%2Fv2%2Fmedia&parent=10958"}],"wp:term":[{"taxonomy":"category","embeddable":true,"href":"https:\/\/zonaroja.com.mx\/index.php?rest_route=%2Fwp%2Fv2%2Fcategories&post=10958"},{"taxonomy":"post_tag","embeddable":true,"href":"https:\/\/zonaroja.com.mx\/index.php?rest_route=%2Fwp%2Fv2%2Ftags&post=10958"}],"curies":[{"name":"wp","href":"https:\/\/api.w.org\/{rel}","templated":true}]}}