{"id":10960,"date":"2020-04-11T09:13:46","date_gmt":"2020-04-11T14:13:46","guid":{"rendered":"http:\/\/www.zonaroja.com.mx\/?p=10960"},"modified":"2020-04-11T09:13:49","modified_gmt":"2020-04-11T14:13:49","slug":"rebasan-las-100-mil-muertes-por-coronavirus-en-el-mundo","status":"publish","type":"post","link":"https:\/\/zonaroja.com.mx\/?p=10960","title":{"rendered":"Rebasan las 100 mil muertes por coronavirus en el mundo"},"content":{"rendered":"\n<p>Redacci\u00f3n\/Zona Roja Cdmx.<\/p>\n\n\n\n<p>Ciudad de M\u00e9xico, 11 de abril de 2020.-\nLa cifra mundial de muertes por el nuevo coronavirus super\u00f3 ayer los 100 mil\ndesde el inicio de la pandemia el a\u00f1o pasado, mientras algunos pa\u00edses avanzan\nhacia la reapertura de algunos sectores de sus econom\u00edas.<\/p>\n\n\n\n<p>De acuerdo con informaci\u00f3n de la\nagencia Notimex, el 9 de enero muri\u00f3 un chino de 61 a\u00f1os en Wuhan. <\/p>\n\n\n\n<p>Era la primera v\u00edctima mortal\noficialmente conocida del Covid-19. M\u00e1s de tres meses despu\u00e9s, 102 mil 26\npersonas han fallecido, de las cuales 70 mil 245 fueron en Europa, el\ncontinente m\u00e1s afectado.<\/p>\n\n\n\n<p>Italia es el pa\u00eds que ha registrado m\u00e1s\nmuertos (18 mil 849), por delante de Estados Unidos (17 mil 925) y Espa\u00f1a (15\nmil 843).<\/p>\n\n\n\n<p>A pesar de las estrictas reglas de\nconfinamiento en vigor en la mayor\u00eda de los pa\u00edses, el n\u00famero de decesos\ndiarios en el mundo sigue aumentando: menos de 500 al d\u00eda a mediados de marzo,\nm\u00e1s de 5 mil los primeros d\u00edas de abril, cerca de 7 mil 500 el jueves. En ocho\nd\u00edas se han anunciado m\u00e1s p\u00e9rdidas de vidas que en los 84 d\u00edas precedentes.<\/p>\n\n\n\n<p>A escala global hay un mill\u00f3n 696 mil\n139 contagiados, 102 mil 669 muertos y 376 mil 200 recuperados en m\u00e1s de 190\npa\u00edses o territorios, de acuerdo con el conteo de especialistas de la\nUniversidad Johns Hopkins, informa la agencia Notimex.<\/p>\n\n\n\n<p>Los datos publicados en todo el mundo,\ntanto en t\u00e9rminos de casos como de muertes, no reflejan sin embargo totalmente\nla realidad. <\/p>\n\n\n\n<p>Muchos pa\u00edses solo efect\u00faan pruebas de\ndiagn\u00f3stico a los enfermos en estado grave. Otros no tienen un protocolo de\nsometer a an\u00e1lisis a sus ciudadanos a gran escala, b\u00e1sicamente por falta de\nmedios, como sucede en \u00c1frica y Am\u00e9rica Latina.<\/p>\n\n\n\n<p>La Organizaci\u00f3n Mundial de la Salud desminti\u00f3\nhaber recibido y omitido atender una alerta temprana de Taiw\u00e1n sobre una\ntransmisi\u00f3n entre personas tras la aparici\u00f3n de la epidemia en China en\ndiciembre, como acus\u00f3 Estados Unidos.<\/p>\n\n\n\n<p>La OMS afirm\u00f3 recibir el 31 de\ndiciembre de 2019 un correo electr\u00f3nico de las autoridades taiwanesas en el que\nse habla de informaciones de prensa sobre casos de neumon\u00eda at\u00edpica en la\nciudad de Wuhan, y que las autoridades pensaban que no se trataba del S\u00edndrome\nRespiratorio Agudo Severo. <\/p>\n\n\n\n<p>De ninguna manera se menciona en ese\ncorreo una transmisi\u00f3n de humano a humano, se\u00f1al\u00f3 a la agencia Afp.<\/p>\n\n\n\n<p>El gobierno italiano prolong\u00f3 hasta el\n3 de mayo el confinamiento y la brutal desaceleraci\u00f3n de la actividad econ\u00f3mica\nimpuesta hace un mes para intentar atajar la emergente pandemia.<\/p>\n\n\n\n<p>El Ministerio de Defensa franc\u00e9s\nconfirm\u00f3 50 casos de Covid-19 a bordo del portaaviones Charles de Gaulle,\nembarcaci\u00f3n nuclear que regresar\u00e1 a puerto de manera anticipada.<\/p>\n\n\n\n<p>El primer ministro brit\u00e1nico, Boris\nJohnson, necesita tiempo para recuperarse de Covid-19 y dif\u00edcilmente volver\u00e1 al\ntrabajo pronto, indic\u00f3 su padre Stanley Johnson, cuando el pa\u00eds registr\u00f3 980\nnuevas muertes en las \u00faltimas 24 horas, lo que supone un n\u00famero r\u00e9cord.<\/p>\n\n\n\n<p>Austria, con m\u00e1s de 13 mil enfermos,\ntendr\u00eda el doble de personas infectadas de coronavirus que lo que dicen los\nreactivos qu\u00edmicos de detecci\u00f3n efectuados hasta ahora, seg\u00fan un estudio\npublicado en Viena.<\/p>\n\n\n\n<p>Yemen anunci\u00f3 un primer caso en la\nprovincia de Hadramut, controlada por el gobierno, comunicaron las autoridades\nsanitarias.<\/p>\n","protected":false},"excerpt":{"rendered":"<p>Redacci\u00f3n\/Zona Roja Cdmx. Ciudad de M\u00e9xico, 11 de abril de 2020.- La cifra mundial de&hellip;<\/p>\n","protected":false},"author":2,"featured_media":9965,"comment_status":"closed","ping_status":"open","sticky":false,"template":"","format":"standard","meta":{"_lmt_disableupdate":"","_lmt_disable":"","_jetpack_memberships_contains_paid_content":false,"footnotes":""},"categories":[109,47],"tags":[1510],"class_list":["post-10960","post","type-post","status-publish","format-standard","has-post-thumbnail","hentry","category-minuto-a-minuto","category-zona-gris","tag-coronavirus-pandemia-global"],"jetpack_featured_media_url":"https:\/\/zonaroja.com.mx\/wp-content\/uploads\/2020\/03\/Coronavirus-pandemia.jpg","jetpack_sharing_enabled":true,"_links":{"self":[{"href":"https:\/\/zonaroja.com.mx\/index.php?rest_route=\/wp\/v2\/posts\/10960","targetHints":{"allow":["GET"]}}],"collection":[{"href":"https:\/\/zonaroja.com.mx\/index.php?rest_route=\/wp\/v2\/posts"}],"about":[{"href":"https:\/\/zonaroja.com.mx\/index.php?rest_route=\/wp\/v2\/types\/post"}],"author":[{"embeddable":true,"href":"https:\/\/zonaroja.com.mx\/index.php?rest_route=\/wp\/v2\/users\/2"}],"replies":[{"embeddable":true,"href":"https:\/\/zonaroja.com.mx\/index.php?rest_route=%2Fwp%2Fv2%2Fcomments&post=10960"}],"version-history":[{"count":1,"href":"https:\/\/zonaroja.com.mx\/index.php?rest_route=\/wp\/v2\/posts\/10960\/revisions"}],"predecessor-version":[{"id":10961,"href":"https:\/\/zonaroja.com.mx\/index.php?rest_route=\/wp\/v2\/posts\/10960\/revisions\/10961"}],"wp:featuredmedia":[{"embeddable":true,"href":"https:\/\/zonaroja.com.mx\/index.php?rest_route=\/wp\/v2\/media\/9965"}],"wp:attachment":[{"href":"https:\/\/zonaroja.com.mx\/index.php?rest_route=%2Fwp%2Fv2%2Fmedia&parent=10960"}],"wp:term":[{"taxonomy":"category","embeddable":true,"href":"https:\/\/zonaroja.com.mx\/index.php?rest_route=%2Fwp%2Fv2%2Fcategories&post=10960"},{"taxonomy":"post_tag","embeddable":true,"href":"https:\/\/zonaroja.com.mx\/index.php?rest_route=%2Fwp%2Fv2%2Ftags&post=10960"}],"curies":[{"name":"wp","href":"https:\/\/api.w.org\/{rel}","templated":true}]}}