{"id":10962,"date":"2020-04-11T09:25:16","date_gmt":"2020-04-11T14:25:16","guid":{"rendered":"http:\/\/www.zonaroja.com.mx\/?p=10962"},"modified":"2020-04-11T10:32:53","modified_gmt":"2020-04-11T15:32:53","slug":"cacaotepec-etla-cierra-el-paso-tejalapam-por-coronavirus-luego-recula","status":"publish","type":"post","link":"https:\/\/zonaroja.com.mx\/?p=10962","title":{"rendered":"Cacaotepec, Etla, cierra el paso Tejal\u00e1pam por coronavirus; luego recula"},"content":{"rendered":"\n<p>Yuridiana Sosa\/Zona Roja<\/p>\n\n\n\n<p>Oaxaca de Ju\u00e1rez, Oax.,10 de abril de\n2020.- Luego de aclarar que en la poblaci\u00f3n de San Felipe Tejal\u00e1pam no existe\nning\u00fan caso de Covid-19, el ayuntamiento de la comunidad vecina de San Lorenzo\nCacaotepec volvi\u00f3 a permitir el acceso de sus vecinos y ofreci\u00f3 disculpas por\nlas medidas tomadas este jueves.<\/p>\n\n\n\n<p>Basado en rumores que en Tejal\u00e1pam\nexist\u00eda un posible caso de coronavirus, las autoridades municipales de\nCacaotepec, Etla, indicaron a los medios de transporte de su comunidad negar el\nservicio a los habitantes de Tejal\u00e1pam, realizar traslados a ese sitio, as\u00ed\ncomo impidieron el ingreso del transporte de esa comunidad para evitar\ncontagios entre su poblaci\u00f3n.<\/p>\n\n\n\n<figure class=\"wp-block-image size-large\"><img decoding=\"async\" width=\"584\" height=\"1040\" src=\"https:\/\/www.zonaroja.com.mx\/wp-content\/uploads\/2020\/04\/f7d89f9e-2792-4220-8566-ff3179110df2.jpg\" alt=\"\" class=\"wp-image-10968\" srcset=\"https:\/\/zonaroja.com.mx\/wp-content\/uploads\/2020\/04\/f7d89f9e-2792-4220-8566-ff3179110df2.jpg 584w, https:\/\/zonaroja.com.mx\/wp-content\/uploads\/2020\/04\/f7d89f9e-2792-4220-8566-ff3179110df2-168x300.jpg 168w, https:\/\/zonaroja.com.mx\/wp-content\/uploads\/2020\/04\/f7d89f9e-2792-4220-8566-ff3179110df2-575x1024.jpg 575w\" sizes=\"(max-width: 584px) 100vw, 584px\" \/><\/figure>\n\n\n\n<p>La medida caus\u00f3 inconformidad y\nconfusi\u00f3n entre la poblaci\u00f3n, pues no exist\u00eda informaci\u00f3n oficial que\nconfirmaran dicho caso, que por la proximidad afectar\u00eda a ambas comunidades.<\/p>\n\n\n\n<p>Tras la situaci\u00f3n, este viernes el\npresidente municipal de San Lorenzo Cacaotepec, Alberto Mendoza Cruz se reuni\u00f3\ncon el edil de San Felipe Tejal\u00e1pam, Alejandro Cuevas Mart\u00ednez, para tomar\nmedidas en conjunto a favor de ambas poblaciones.<\/p>\n\n\n\n<p>El edil de Cacaotepec ofreci\u00f3 disculpas\np\u00fablicas a la poblaci\u00f3n de Tejal\u00e1pam por las afectaciones generadas por la\nrecomendaci\u00f3n emitida hacia el medio de transporte.<\/p>\n\n\n\n<p>Acordaron entre otras cosas la\ncontinuidad del servicio de forma habitual y el acceso regular entre ambas\ncomunidades del distrito de Etla, en la regi\u00f3n de Valles Centrales.<\/p>\n\n\n\n<p>Sin embargo, durante un d\u00eda pobladores\nde Tejal\u00e1pam sufrieron las afectaciones, pues muchas amas de casa y comerciantes\ntuvieron que caminar varios kil\u00f3metros para llegar a su comunidad.<\/p>\n","protected":false},"excerpt":{"rendered":"<p>Yuridiana Sosa\/Zona Roja Oaxaca de Ju\u00e1rez, Oax.,10 de abril de 2020.- Luego de aclarar que&hellip;<\/p>\n","protected":false},"author":2,"featured_media":10963,"comment_status":"closed","ping_status":"open","sticky":false,"template":"","format":"standard","meta":{"_lmt_disableupdate":"","_lmt_disable":"","_jetpack_memberships_contains_paid_content":false,"footnotes":""},"categories":[109,47],"tags":[1606],"class_list":["post-10962","post","type-post","status-publish","format-standard","has-post-thumbnail","hentry","category-minuto-a-minuto","category-zona-gris","tag-san-felipe-tejalapam"],"jetpack_featured_media_url":"https:\/\/zonaroja.com.mx\/wp-content\/uploads\/2020\/04\/San-Felipe-Tejal\u00e1pam.jpeg","jetpack_sharing_enabled":true,"_links":{"self":[{"href":"https:\/\/zonaroja.com.mx\/index.php?rest_route=\/wp\/v2\/posts\/10962","targetHints":{"allow":["GET"]}}],"collection":[{"href":"https:\/\/zonaroja.com.mx\/index.php?rest_route=\/wp\/v2\/posts"}],"about":[{"href":"https:\/\/zonaroja.com.mx\/index.php?rest_route=\/wp\/v2\/types\/post"}],"author":[{"embeddable":true,"href":"https:\/\/zonaroja.com.mx\/index.php?rest_route=\/wp\/v2\/users\/2"}],"replies":[{"embeddable":true,"href":"https:\/\/zonaroja.com.mx\/index.php?rest_route=%2Fwp%2Fv2%2Fcomments&post=10962"}],"version-history":[{"count":2,"href":"https:\/\/zonaroja.com.mx\/index.php?rest_route=\/wp\/v2\/posts\/10962\/revisions"}],"predecessor-version":[{"id":10969,"href":"https:\/\/zonaroja.com.mx\/index.php?rest_route=\/wp\/v2\/posts\/10962\/revisions\/10969"}],"wp:featuredmedia":[{"embeddable":true,"href":"https:\/\/zonaroja.com.mx\/index.php?rest_route=\/wp\/v2\/media\/10963"}],"wp:attachment":[{"href":"https:\/\/zonaroja.com.mx\/index.php?rest_route=%2Fwp%2Fv2%2Fmedia&parent=10962"}],"wp:term":[{"taxonomy":"category","embeddable":true,"href":"https:\/\/zonaroja.com.mx\/index.php?rest_route=%2Fwp%2Fv2%2Fcategories&post=10962"},{"taxonomy":"post_tag","embeddable":true,"href":"https:\/\/zonaroja.com.mx\/index.php?rest_route=%2Fwp%2Fv2%2Ftags&post=10962"}],"curies":[{"name":"wp","href":"https:\/\/api.w.org\/{rel}","templated":true}]}}