{"id":10965,"date":"2020-04-11T09:32:55","date_gmt":"2020-04-11T14:32:55","guid":{"rendered":"http:\/\/www.zonaroja.com.mx\/?p=10965"},"modified":"2020-04-11T09:33:00","modified_gmt":"2020-04-11T14:33:00","slug":"diputados-de-oaxaca-piden-cuentas-al-gobierno-sobre-deuda-y-obras","status":"publish","type":"post","link":"https:\/\/zonaroja.com.mx\/?p=10965","title":{"rendered":"Diputados de Oaxaca piden cuentas al gobierno sobre deuda y obras"},"content":{"rendered":"\n<p>Redacci\u00f3n\/Zona Roja.<\/p>\n\n\n\n<p>Oaxaca de Ju\u00e1rez, Oax., 11 de abril de\n2020.- Diputados de Oaxaca exigieron al Gobierno del Estado cuentas claras\nacerca de la deuda de mil 300 millones de pesos y las obras que pretende\nejecutar con ellas, en el marco del plan econ\u00f3mico por los efectos del\ncoronavirus.<\/p>\n\n\n\n<p>En la reciente sesi\u00f3n de la Comisi\u00f3n Permanente\nde Vigilancia de la Deuda P\u00fablica del Congreso local, pidieron analizar de\nmanera minucioso los 48 proyectos que, con un monto de 648 millones de pesos,\nse propone realizar el Ejecutivo estatal Alejandro Murat Hinojosa para activar\nla econom\u00eda de Oaxaca por la crisis econ\u00f3mica generada por la pandemia.<\/p>\n\n\n\n<p>Las obras anunciadas por el gobernador este\n7 de abril se pretenden poner en marcha a finales de este mes. Para este fin,\nse aplicar\u00e1n recursos de los 3 mil 500 millones de pesos de refinanciamiento de\nla deuda p\u00fablica destinados a proyectos de infraestructura.<\/p>\n\n\n\n<p>Como parte de los acuerdos tomados por\nla Comisi\u00f3n de Vigilancia de la Deuda P\u00fablica, se aprob\u00f3 citar a los titulares\nde las dependencias ejecutoras de los 48 proyectos anunciados por el Ejecutivo\nestatal para reuniones semanales en las que aclaren las dudas de los\ncongresistas.<\/p>\n\n\n\n<p>La diputada Yarith Tannos Cruz, propuso\nllamar a los encargados de ejecutar las obras&nbsp;\nde infraestructura, como: las secretar\u00edas de Finanzas, de las&nbsp; Infraestructuras y el Ordenamiento\nTerritorial Sustentable, as\u00ed como Caminos y Aeropistas de Oaxaca.<\/p>\n\n\n\n<p>La diputada Griselda Sosa V\u00e1squez,\npresidenta de dicha comisi\u00f3n, inform\u00f3 que de 111 proyectos que se ten\u00edan\nplaneados, el gobernador disminuy\u00f3 la cifra a 105.&nbsp; Record\u00f3 que anteriormente, se entregaban los\nrecursos como un \u201ccheque en blanco\u201d. <\/p>\n\n\n\n<p>Sin embargo \u2013dijo- la comisi\u00f3n estar\u00e1\nvigilante a fin de transparentar la aplicaci\u00f3n del dinero, que es del pueblo\noaxaque\u00f1o.<\/p>\n\n\n\n<p>En su participaci\u00f3n, el diputado, Horacio\nSosa Villavicencio, indic\u00f3 que el tema de financiamiento de la deuda p\u00fablica,\naprobada el pasado 3 de octubre, representa un respiro ante la presente crisis.\nSin embargo, se debe dar un buen uso a los recursos p\u00fablicos.<\/p>\n\n\n\n<p>Exhort\u00f3 a los integrantes de la\nComisi\u00f3n de Vigilancia de la Deuda P\u00fablica a que de manera minuciosa realicen\nun diagn\u00f3stico de los proyectos aprobados. <\/p>\n\n\n\n<p>De igual forma, a pedir a las\nsecretar\u00edas y dependencias ejecutoras a transparentar la licitaci\u00f3n de las\nobras a fin de que se adjudiquen a empresas oaxaque\u00f1as consolidadas y no a\nempresas fachada.<\/p>\n","protected":false},"excerpt":{"rendered":"<p>Redacci\u00f3n\/Zona Roja. Oaxaca de Ju\u00e1rez, Oax., 11 de abril de 2020.- Diputados de Oaxaca exigieron&hellip;<\/p>\n","protected":false},"author":2,"featured_media":10966,"comment_status":"closed","ping_status":"open","sticky":false,"template":"","format":"standard","meta":{"_lmt_disableupdate":"","_lmt_disable":"","_jetpack_memberships_contains_paid_content":false,"footnotes":""},"categories":[109,47],"tags":[213],"class_list":["post-10965","post","type-post","status-publish","format-standard","has-post-thumbnail","hentry","category-minuto-a-minuto","category-zona-gris","tag-64-legislatura-de-oaxaca"],"jetpack_featured_media_url":"https:\/\/zonaroja.com.mx\/wp-content\/uploads\/2020\/04\/FOTO-1.2-La-Comisi\u00f3n-de-Vigilanciade-Deuda-P\u00fablica-cita-a-comparecer-a-titulares-de-Sefin-Sinfra-y-Cao.jpeg","jetpack_sharing_enabled":true,"_links":{"self":[{"href":"https:\/\/zonaroja.com.mx\/index.php?rest_route=\/wp\/v2\/posts\/10965","targetHints":{"allow":["GET"]}}],"collection":[{"href":"https:\/\/zonaroja.com.mx\/index.php?rest_route=\/wp\/v2\/posts"}],"about":[{"href":"https:\/\/zonaroja.com.mx\/index.php?rest_route=\/wp\/v2\/types\/post"}],"author":[{"embeddable":true,"href":"https:\/\/zonaroja.com.mx\/index.php?rest_route=\/wp\/v2\/users\/2"}],"replies":[{"embeddable":true,"href":"https:\/\/zonaroja.com.mx\/index.php?rest_route=%2Fwp%2Fv2%2Fcomments&post=10965"}],"version-history":[{"count":1,"href":"https:\/\/zonaroja.com.mx\/index.php?rest_route=\/wp\/v2\/posts\/10965\/revisions"}],"predecessor-version":[{"id":10967,"href":"https:\/\/zonaroja.com.mx\/index.php?rest_route=\/wp\/v2\/posts\/10965\/revisions\/10967"}],"wp:featuredmedia":[{"embeddable":true,"href":"https:\/\/zonaroja.com.mx\/index.php?rest_route=\/wp\/v2\/media\/10966"}],"wp:attachment":[{"href":"https:\/\/zonaroja.com.mx\/index.php?rest_route=%2Fwp%2Fv2%2Fmedia&parent=10965"}],"wp:term":[{"taxonomy":"category","embeddable":true,"href":"https:\/\/zonaroja.com.mx\/index.php?rest_route=%2Fwp%2Fv2%2Fcategories&post=10965"},{"taxonomy":"post_tag","embeddable":true,"href":"https:\/\/zonaroja.com.mx\/index.php?rest_route=%2Fwp%2Fv2%2Ftags&post=10965"}],"curies":[{"name":"wp","href":"https:\/\/api.w.org\/{rel}","templated":true}]}}