{"id":10970,"date":"2020-04-11T11:25:00","date_gmt":"2020-04-11T16:25:00","guid":{"rendered":"http:\/\/www.zonaroja.com.mx\/?p=10970"},"modified":"2020-04-11T16:00:19","modified_gmt":"2020-04-11T21:00:19","slug":"autoridades-de-villa-alta-piden-sancionar-a-medico-del-imss","status":"publish","type":"post","link":"https:\/\/zonaroja.com.mx\/?p=10970","title":{"rendered":"Autoridades de Villa Alta piden sancionar a m\u00e9dico del IMSS"},"content":{"rendered":"\n<p>Evlin Arag\u00f3n\/Zona Roja.<\/p>\n\n\n\n<p>Oaxaca de Ju\u00e1rez, Oax., 11 de abril de\n2020.- Autoridades de San Idelfonso Villa Alta negaron las acusaciones que\nhiciera personal m\u00e9dico el jueves pasado sobre una presunta retenci\u00f3n violenta\nen la localidad, debido a las acciones que han implementado para evitar el\ncontagio masivo del Covid-19.<\/p>\n\n\n\n<p>A trav\u00e9s de un documento dirigido a la\ndoctora Gisela L\u00f3pez Salda\u00f1a, titular de la Unidad IMSS-Bienestar, informaron\nque las declaraciones del m\u00e9dico Andr\u00e9s S\u00e1nchez V\u00e1squez son falsas y solo han\ntra\u00eddo desprestigio injusto al Cabildo municipal.<\/p>\n\n\n\n<p>\u201cEl mencionado m\u00e9dico manipul\u00f3 la informaci\u00f3n\ny a trav\u00e9s de un comunicado en entrevista de radio bajo mentiras y calumnias\nalert\u00f3 y alarm\u00f3 de mala manera a la poblaci\u00f3n comprometiendo a la instituci\u00f3n y\ndesprestigiando al municipio\u201d, enuncia el comunicado firmado por el presidente\nmunicipal, Claudio Pacheco Aparicio.<\/p>\n\n\n\n<p>As\u00ed mismo indicaron que el m\u00e9dico actu\u00f3\ncon nula \u00e9tica profesional y \u201cevidente cobard\u00eda\u201d, al ser \u00e9l quien insulto\np\u00fablicamente y delante de la ciudadan\u00eda al s\u00edndico municipal, todo ello en\ndesacato a las medidas tomadas por el Cabildo para salvaguardar la salud del\npueblo ante la pandemia por el Covid-19.<\/p>\n\n\n\n<p>Por lo anterior pidieron sanciones\nejemplares para el m\u00e9dico, a la par que aseguran \u00e8ste o ha sido declarado como\npersona no grata en el hospital y en la localidad; sin embargo, aseguran que su\nseguridad est\u00e1 garantizada ya que conocen la labor que como autoridad les\ncompete.<\/p>\n\n\n\n<p>El documento tambi\u00e9n es respaldado por\nEnrique Vargas L\u00f3pez, s\u00edndico municipal, y&nbsp;\nMarivel Villafane Bautista, Gabriel Cruz Toledo, Gonzalo Hern\u00e1ndez\nSolano, Sara Ortiz Lorenzo y Mirna Bravo Lopez, titulares de las reg\u00eddurias\nmunicipales.<\/p>\n\n\n\n<p>El pasado jueves personal m\u00e9dico del\nHospital Rural de San Idelfonso, Villa Alta, ubicado en la Sierra Norte de\nOaxaca, denunci\u00f3 la violaci\u00f3n a su derecho constitucional al libre tr\u00e1nsito,\nluego de que autoridades de la localidad impidieran de forma violenta que\nsalieran de la comunidad.<\/p>\n\n\n\n<p>En entrevista con un medio radiof\u00f3nico\nlocal, dos m\u00e9dicos que omitieron sus nombres para evitar preocupar a sus\nfamiliares, denunciaron que por la madrugada del nueve de abril al intentar\nsalir de la comunidad fueron abordados de forma grosera y prepotente por las\nautoridades municipales encabezadas por Enrique Vargas, s\u00edndico municipal quien\nles impidi\u00f3 su traslado a la ciudad de Oaxaca.<\/p>\n\n\n\n<p>Hasta el momento el personal m\u00e9dico se\nencuentra en la zona pese a que pretend\u00edan trasladarse a la capital del estado\npara estar con su familia este fin de semana.<\/p>\n","protected":false},"excerpt":{"rendered":"<p>Evlin Arag\u00f3n\/Zona Roja. Oaxaca de Ju\u00e1rez, Oax., 11 de abril de 2020.- Autoridades de San&hellip;<\/p>\n","protected":false},"author":2,"featured_media":10971,"comment_status":"closed","ping_status":"open","sticky":false,"template":"","format":"standard","meta":{"_lmt_disableupdate":"","_lmt_disable":"","_jetpack_memberships_contains_paid_content":false,"footnotes":""},"categories":[109,47],"tags":[],"class_list":["post-10970","post","type-post","status-publish","format-standard","has-post-thumbnail","hentry","category-minuto-a-minuto","category-zona-gris"],"jetpack_featured_media_url":"https:\/\/zonaroja.com.mx\/wp-content\/uploads\/2020\/04\/Oficio-villa-alta.jpg","jetpack_sharing_enabled":true,"_links":{"self":[{"href":"https:\/\/zonaroja.com.mx\/index.php?rest_route=\/wp\/v2\/posts\/10970","targetHints":{"allow":["GET"]}}],"collection":[{"href":"https:\/\/zonaroja.com.mx\/index.php?rest_route=\/wp\/v2\/posts"}],"about":[{"href":"https:\/\/zonaroja.com.mx\/index.php?rest_route=\/wp\/v2\/types\/post"}],"author":[{"embeddable":true,"href":"https:\/\/zonaroja.com.mx\/index.php?rest_route=\/wp\/v2\/users\/2"}],"replies":[{"embeddable":true,"href":"https:\/\/zonaroja.com.mx\/index.php?rest_route=%2Fwp%2Fv2%2Fcomments&post=10970"}],"version-history":[{"count":1,"href":"https:\/\/zonaroja.com.mx\/index.php?rest_route=\/wp\/v2\/posts\/10970\/revisions"}],"predecessor-version":[{"id":10972,"href":"https:\/\/zonaroja.com.mx\/index.php?rest_route=\/wp\/v2\/posts\/10970\/revisions\/10972"}],"wp:featuredmedia":[{"embeddable":true,"href":"https:\/\/zonaroja.com.mx\/index.php?rest_route=\/wp\/v2\/media\/10971"}],"wp:attachment":[{"href":"https:\/\/zonaroja.com.mx\/index.php?rest_route=%2Fwp%2Fv2%2Fmedia&parent=10970"}],"wp:term":[{"taxonomy":"category","embeddable":true,"href":"https:\/\/zonaroja.com.mx\/index.php?rest_route=%2Fwp%2Fv2%2Fcategories&post=10970"},{"taxonomy":"post_tag","embeddable":true,"href":"https:\/\/zonaroja.com.mx\/index.php?rest_route=%2Fwp%2Fv2%2Ftags&post=10970"}],"curies":[{"name":"wp","href":"https:\/\/api.w.org\/{rel}","templated":true}]}}