{"id":10978,"date":"2020-04-11T15:41:48","date_gmt":"2020-04-11T20:41:48","guid":{"rendered":"https:\/\/www.zonaroja.com.mx\/?p=10978"},"modified":"2020-04-11T15:41:52","modified_gmt":"2020-04-11T20:41:52","slug":"pide-congreso-seguridad-y-respeto-a-trabajadores-de-la-salud-en-oaxaca","status":"publish","type":"post","link":"https:\/\/zonaroja.com.mx\/?p=10978","title":{"rendered":"Pide Congreso seguridad y respeto a trabajadores de la salud en Oaxaca"},"content":{"rendered":"\n<p class=\"MsoNormal\">Redacci\u00f3n\/Zona Roja.<\/p>\n\n\n\n<p class=\"MsoNormal\">Oaxaca de Ju\u00e1rez, Oax. 11 de abril de 2020.- Comisiones permanentes de la 64 Legislatura del Congreso del Estado, estar\u00e1n atentas de cualquier indicio de violencia, ya sea f\u00edsica o laboral, que puedan sufrir los trabajadores de la salud en Oaxaca, durante el Estado de Emergencia Nacional por el Covid-19.<\/p>\n\n\n\n<p class=\"MsoNormal\">A trav\u00e9s de la Comisi\u00f3n de Derechos Humanos instalada en Sesi\u00f3n Permanente, que preside la diputada Magaly L\u00f3pez Dom\u00ednguez, el Poder Legislativo ser\u00e1 vigilante de probables casos de discriminaci\u00f3n, acoso y hasta agresiones contra los trabajadores, por parte de personas que no reconocen la heroica labor que realizan.<\/p>\n\n\n\n<p class=\"MsoNormal\">\u201cLos m\u00e9dicos y las enfermeras arriesgan su propia vida por garantizar la de nuestros familiares y la de nosotros mismos, la gesta que realizan merece todo el respeto de la sociedad. No esperaremos a que ocurran casos, como en otros estados de la rep\u00fablica, donde son discriminados, privados de servicios y hasta agredidos, todo esto se debe prevenir\u201d, dijo la representante popular.<\/p>\n\n\n\n<p class=\"MsoNormal\">Abund\u00f3 que, todos los casos de violaciones a los derechos humanos de los trabajadores de salud, ser\u00e1n especialmente documentados y se dar\u00e1 el seguimiento necesario para que organismos y dependencias encargadas de velar por ello, cumplan con su obligaci\u00f3n.&nbsp;<\/p>\n\n\n\n<p class=\"MsoNormal\">Asimismo, la Comisi\u00f3n legislativa de Trabajo y Seguridad Social, tambi\u00e9n en Sesi\u00f3n Permanente, que preside la congresista Hilda Graciela P\u00e9rez Luis, se mantiene vigilante de los derechos laborales de las personas en la entidad.&nbsp;<\/p>\n\n\n\n<p class=\"MsoNormal\">Reconoci\u00f3 que las personas trabajadoras del sector salud, representan una de las piezas m\u00e1s importantes para la atenci\u00f3n de las personas contagiadas con el Covid-19 en la entidad; por lo que es un derecho laboral contar con todas las herramientas necesarias para realizar su trabajo en condiciones de seguridad sanitaria.&nbsp;<\/p>\n\n\n\n<p class=\"MsoNormal\">Lament\u00f3 que el personal m\u00e9dico disponga de sus propios ingresos, para la compra de estos materiales; esto atenta contra sus derechos laborales y lo establecido en la Ley General de Salud, por lo que es obligaci\u00f3n del Estado que el personal m\u00e9dico, de enfermer\u00eda y sus auxiliares, tengan a su alcance los materiales necesarios para desempe\u00f1ar su trabajo. <\/p>\n","protected":false},"excerpt":{"rendered":"<p>Redacci\u00f3n\/Zona Roja. Oaxaca de Ju\u00e1rez, Oax. 11 de abril de 2020.- Comisiones permanentes de la&hellip;<\/p>\n","protected":false},"author":2,"featured_media":10977,"comment_status":"closed","ping_status":"open","sticky":false,"template":"","format":"standard","meta":{"_lmt_disableupdate":"","_lmt_disable":"","_jetpack_memberships_contains_paid_content":false,"footnotes":""},"categories":[109,46],"tags":[],"class_list":["post-10978","post","type-post","status-publish","format-standard","has-post-thumbnail","hentry","category-minuto-a-minuto","category-zona-blanca"],"jetpack_featured_media_url":"https:\/\/zonaroja.com.mx\/wp-content\/uploads\/2020\/04\/hilda-y-magaly.jpg","jetpack_sharing_enabled":true,"_links":{"self":[{"href":"https:\/\/zonaroja.com.mx\/index.php?rest_route=\/wp\/v2\/posts\/10978","targetHints":{"allow":["GET"]}}],"collection":[{"href":"https:\/\/zonaroja.com.mx\/index.php?rest_route=\/wp\/v2\/posts"}],"about":[{"href":"https:\/\/zonaroja.com.mx\/index.php?rest_route=\/wp\/v2\/types\/post"}],"author":[{"embeddable":true,"href":"https:\/\/zonaroja.com.mx\/index.php?rest_route=\/wp\/v2\/users\/2"}],"replies":[{"embeddable":true,"href":"https:\/\/zonaroja.com.mx\/index.php?rest_route=%2Fwp%2Fv2%2Fcomments&post=10978"}],"version-history":[{"count":1,"href":"https:\/\/zonaroja.com.mx\/index.php?rest_route=\/wp\/v2\/posts\/10978\/revisions"}],"predecessor-version":[{"id":10979,"href":"https:\/\/zonaroja.com.mx\/index.php?rest_route=\/wp\/v2\/posts\/10978\/revisions\/10979"}],"wp:featuredmedia":[{"embeddable":true,"href":"https:\/\/zonaroja.com.mx\/index.php?rest_route=\/wp\/v2\/media\/10977"}],"wp:attachment":[{"href":"https:\/\/zonaroja.com.mx\/index.php?rest_route=%2Fwp%2Fv2%2Fmedia&parent=10978"}],"wp:term":[{"taxonomy":"category","embeddable":true,"href":"https:\/\/zonaroja.com.mx\/index.php?rest_route=%2Fwp%2Fv2%2Fcategories&post=10978"},{"taxonomy":"post_tag","embeddable":true,"href":"https:\/\/zonaroja.com.mx\/index.php?rest_route=%2Fwp%2Fv2%2Ftags&post=10978"}],"curies":[{"name":"wp","href":"https:\/\/api.w.org\/{rel}","templated":true}]}}