{"id":10980,"date":"2020-04-11T16:05:26","date_gmt":"2020-04-11T21:05:26","guid":{"rendered":"http:\/\/www.zonaroja.com.mx\/?p=10980"},"modified":"2020-04-11T16:05:29","modified_gmt":"2020-04-11T21:05:29","slug":"dicta-jueza-vinculacion-a-proceso-por-feminicidio-a-quien-mato-a-bebe","status":"publish","type":"post","link":"https:\/\/zonaroja.com.mx\/?p=10980","title":{"rendered":"Dicta jueza vinculaci\u00f3n a proceso por feminicidio a quien mat\u00f3 a beb\u00e9"},"content":{"rendered":"\n<p>Yuridiana Sosa\/Zona Roja<\/p>\n\n\n\n<p>Oaxaca de Ju\u00e1rez, Oax., 11 de abril de\n2020.- Integrantes de la asociaci\u00f3n civil \u201cMujeres 8 de marzo\u201d, se manifestaron\nesta ma\u00f1ana en el Juzgado de Garant\u00eda en Juchit\u00e1n de Zaragoza, para exigir\njusticia por el delito de feminicidio cometido contra una beb\u00e9 de seis meses de\nedad, ocurrido el pasado 3 de abril en San Francisco del Mar, en la regi\u00f3n del\nIstmo.<\/p>\n\n\n\n<p>Las defensoras de derechos humanos\nprotestaron de manera pac\u00edfica para denunciar y exigir al Tribunal Superior de\nJusticia del Estado de Oaxaca que la juez de Control, Yolanda Arroyo, lleve a\ncabo el proceso por el delito de feminicidio y no por homicidio simple, como lo\nreclasific\u00f3.<\/p>\n\n\n\n<p>La peque\u00f1a fue abusada sexualmente y\nasesinada el pasado 3 de abril en San Francisco del Mar, presuntamente por la\npareja sentimental de la madre, identificado como Sergio Francisco \u201cN\u201d,\ndetenido el mismo d\u00eda de los hechos por habitantes de la comunidad<\/p>\n\n\n\n<p>Miembros de la asociaci\u00f3n, en respaldo\nde la familia de la menor, acudieron a las instalaciones de justicia en el\nmarco de la audiencia de imputaci\u00f3n programada para este s\u00e1bado contra el\npresunto feminicida; colocaron cartulinas en el exterior para denunciar las\nirregularidades en el inicio del proceso de justicia.<\/p>\n\n\n\n<p>SE PRONUNCIAN DIPUTADAS<\/p>\n\n\n\n<p>Reclasificar el caso de la beb\u00e9 violada\ny asesinada en San Francisco del Mar como delito de feminicidio y no como\nhomicidio, pidieron a la Jueza de Control que lleva el caso, las diputadas\nElisa Zepeda y Magaly L\u00f3pez.<\/p>\n\n\n\n<p>Las presidentas de la Comisi\u00f3n de\nJusticia y Derechos Humanos del Congreso local respectivamente, argumentaron\nque la Ley de Acceso a las Mujeres a una Vida de Violencia dice que toda muerte\nviolenta de mujer se debe investigar como feminicidio.<\/p>\n\n\n\n<p>En este sentido, la diputada Magaly\nL\u00f3pez consider\u00f3 que este caso debe contar con todas las garant\u00edas para que el\nagresor de 33 a\u00f1os, quien era padrastro de la v\u00edctima, reciba un castigo\nejemplar, por lo que pidi\u00f3 a la jueza de control apegarse a ley para que no\nhaya cabos sueltos en la decisi\u00f3n que se tendr\u00e1 que tomar en torno al castigo a\naplicarse.<\/p>\n\n\n\n<p>Ambas legisladoras hicieron un llamado\na la sociedad oaxaque\u00f1a de estar pendientes para que este caso no pase\ndesapercibido y no quede en el marco de la impunidad, como sucede en muchos\ncasos, por lo que reafirmaron su compromiso para vigilar el proceso y desde su\ntrinchera exigir justicia las veces que sean necesarias.<\/p>\n\n\n\n<p>VINCULAN A PROCESO<\/p>\n\n\n\n<p>En tanto, el Poder Judicial del Estado\nde Oaxaca reiter\u00f3 su deber de garantizar y salvaguardar el derecho de acceso a\nla justicia de todas las personas, sobre todo de un sector vulnerado como son\nlas mujeres, ni\u00f1as, ni\u00f1os y adolescentes.<\/p>\n\n\n\n<p>Indic\u00f3 que en el caso de la beb\u00e9 que\nfue asesinada en San Francisco del Mar el pasado 3 de abril, el \u00f3rgano jurisdiccional\ntuvo elementos para garantizar una determinaci\u00f3n apegada a derecho.<\/p>\n\n\n\n<p>En este sentido, el presunto agresor\nSergio F.M.M., fue vinculado a proceso por el delito de feminicidio y se le\nimpuso prisi\u00f3n preventiva oficiosa como medida cautelar, por lo que permanecer\u00e1\npreso.<\/p>\n\n\n\n<p>En audiencia, la jueza de Control que\nconoci\u00f3 del caso valor\u00f3 los datos aportados por el Ministerio P\u00fablico de la\nFiscal\u00eda General del Estado para acreditar la calificaci\u00f3n jur\u00eddica de\nfeminicidio.<\/p>\n\n\n\n<p>Adem\u00e1s, estableci\u00f3 entre las partes\ncuatro meses para el cierre de la investigaci\u00f3n, misma que se computa una vez\nque se levante la suspensi\u00f3n por motivos de la pandemia por Covid-19. De esta\nmanera, el plazo finaliza el 21 de agosto pr\u00f3ximo.<\/p>\n\n\n\n<p>Indic\u00f3 que la instituci\u00f3n responsable\nde administrar justicia se mantiene atenta y ha instruido a que en este periodo\nde contingencia, los juzgados del estado den continuidad a las labores,\nprincipalmente para temas de atenci\u00f3n urgente y los relacionados con los grupos\nvulnerados.<\/p>\n","protected":false},"excerpt":{"rendered":"<p>Yuridiana Sosa\/Zona Roja Oaxaca de Ju\u00e1rez, Oax., 11 de abril de 2020.- Integrantes de la&hellip;<\/p>\n","protected":false},"author":2,"featured_media":10981,"comment_status":"closed","ping_status":"open","sticky":false,"template":"","format":"standard","meta":{"_lmt_disableupdate":"","_lmt_disable":"","_jetpack_memberships_contains_paid_content":false,"footnotes":""},"categories":[109,47],"tags":[954],"class_list":["post-10980","post","type-post","status-publish","format-standard","has-post-thumbnail","hentry","category-minuto-a-minuto","category-zona-gris","tag-san-francisco-del-mar"],"jetpack_featured_media_url":"https:\/\/zonaroja.com.mx\/wp-content\/uploads\/2020\/04\/Protesta-Juchit\u00e1n-juzgado.jpg","jetpack_sharing_enabled":true,"_links":{"self":[{"href":"https:\/\/zonaroja.com.mx\/index.php?rest_route=\/wp\/v2\/posts\/10980","targetHints":{"allow":["GET"]}}],"collection":[{"href":"https:\/\/zonaroja.com.mx\/index.php?rest_route=\/wp\/v2\/posts"}],"about":[{"href":"https:\/\/zonaroja.com.mx\/index.php?rest_route=\/wp\/v2\/types\/post"}],"author":[{"embeddable":true,"href":"https:\/\/zonaroja.com.mx\/index.php?rest_route=\/wp\/v2\/users\/2"}],"replies":[{"embeddable":true,"href":"https:\/\/zonaroja.com.mx\/index.php?rest_route=%2Fwp%2Fv2%2Fcomments&post=10980"}],"version-history":[{"count":1,"href":"https:\/\/zonaroja.com.mx\/index.php?rest_route=\/wp\/v2\/posts\/10980\/revisions"}],"predecessor-version":[{"id":10982,"href":"https:\/\/zonaroja.com.mx\/index.php?rest_route=\/wp\/v2\/posts\/10980\/revisions\/10982"}],"wp:featuredmedia":[{"embeddable":true,"href":"https:\/\/zonaroja.com.mx\/index.php?rest_route=\/wp\/v2\/media\/10981"}],"wp:attachment":[{"href":"https:\/\/zonaroja.com.mx\/index.php?rest_route=%2Fwp%2Fv2%2Fmedia&parent=10980"}],"wp:term":[{"taxonomy":"category","embeddable":true,"href":"https:\/\/zonaroja.com.mx\/index.php?rest_route=%2Fwp%2Fv2%2Fcategories&post=10980"},{"taxonomy":"post_tag","embeddable":true,"href":"https:\/\/zonaroja.com.mx\/index.php?rest_route=%2Fwp%2Fv2%2Ftags&post=10980"}],"curies":[{"name":"wp","href":"https:\/\/api.w.org\/{rel}","templated":true}]}}