{"id":10984,"date":"2020-04-11T17:29:26","date_gmt":"2020-04-11T22:29:26","guid":{"rendered":"https:\/\/www.zonaroja.com.mx\/?p=10984"},"modified":"2020-04-11T17:29:29","modified_gmt":"2020-04-11T22:29:29","slug":"fallece-tercera-persona-con-covid-19-en-oaxaca-ahora-en-huatulco","status":"publish","type":"post","link":"https:\/\/zonaroja.com.mx\/?p=10984","title":{"rendered":"Fallece tercera persona con Covid-19 en Oaxaca; ahora en Huatulco"},"content":{"rendered":"\n<p class=\"MsoNormal\">Yuridiana Sosa\/Zona Roja.<\/p>\n\n\n\n<p class=\"MsoNormal\">Oaxaca de Ju\u00e1rez, Oax., 11 de abril de 2020.- El Covid-19 cobr\u00f3 la vida de otra persona en Oaxaca en menos de dos semanas, desde cuando se registr\u00f3 el deceso de un oaxaque\u00f1o v\u00edctima de ese virus.<\/p>\n\n\n\n<p class=\"MsoNormal\">El tercer caso se registr\u00f3 al medio d\u00eda de este s\u00e1bado, seg\u00fan fuentes del ayuntamiento.<\/p>\n\n\n\n<p class=\"MsoNormal\">Se trata de un hombre de 72 a\u00f1os de edad, residente de Santa Mar\u00eda Huatulco y que se encontraba internado en el Hospital B\u00e1sico Comunitario de ese municipio de la Costa.<\/p>\n\n\n\n<p class=\"MsoNormal\">El paciente fallecido era uno de los dos casos que hasta&nbsp;<a href=\"\/\/2\">este viernes por la noche<\/a>&nbsp;los&nbsp;Servicios de Salud de Oaxaca (SSO) ten\u00edan registrado como positivo en la Jurisdicci\u00f3n Sanitaria n\u00famero cuatro; el otro caso tambi\u00e9n se ubica en esa localidad.<\/p>\n\n\n\n<p class=\"MsoNormal\">El hombre de 72 a\u00f1os, con padecimiento de diabetes, habr\u00eda sido rechazado para su atenci\u00f3n m\u00e9dica en el Hospital Regional de San Pedro Pochutla la noche del jueves.<\/p>\n\n\n\n<p class=\"MsoNormal\">El lunes pasado acudi\u00f3 por atenci\u00f3n al Hospital Comunitario de Huatulco, los m\u00e9dicos de ese nosocomio decidieron trasladarlo al hospital de segundo nivel de su localidad vecina de Pochutla, donde recibieron el primer caso diagnosticado con Covid-19.<\/p>\n\n\n\n<p class=\"MsoNormal\">En Pochutla los m\u00e9dicos concluyeron que el padecimiento era neumon\u00eda at\u00edpica y no ameritaba hospitalizaci\u00f3n; el hombre regres\u00f3 a consulta a Huatulco y tras el estudio de laboratorio dio positivo a Covid-19, por lo que refirieron nuevamente atenci\u00f3n en el hospital de Pochutla.<\/p>\n\n\n\n<p class=\"MsoNormal\">Sin embargo, el personal m\u00e9dico y poblaci\u00f3n de San Pedro Pochutla realizaron un bloqueo para impedir el ingreso de la ambulancia que lo trasladar\u00eda, pues argumentaron no contar con las condiciones para m\u00e1s atenciones de ese tipo, as\u00ed como medida de protecci\u00f3n para sus habitantes; la decisi\u00f3n fue respaldada por la edil de Pochutla, Saymi Pineda.<\/p>\n","protected":false},"excerpt":{"rendered":"<p>Yuridiana Sosa\/Zona Roja. Oaxaca de Ju\u00e1rez, Oax., 11 de abril de 2020.- El Covid-19 cobr\u00f3&hellip;<\/p>\n","protected":false},"author":2,"featured_media":10983,"comment_status":"closed","ping_status":"open","sticky":false,"template":"","format":"standard","meta":{"_lmt_disableupdate":"","_lmt_disable":"","_jetpack_memberships_contains_paid_content":false,"footnotes":""},"categories":[109,47],"tags":[1497],"class_list":["post-10984","post","type-post","status-publish","format-standard","has-post-thumbnail","hentry","category-minuto-a-minuto","category-zona-gris","tag-coronavirus-en-oaxaca"],"jetpack_featured_media_url":"https:\/\/zonaroja.com.mx\/wp-content\/uploads\/2020\/04\/img_0975.jpg","jetpack_sharing_enabled":true,"_links":{"self":[{"href":"https:\/\/zonaroja.com.mx\/index.php?rest_route=\/wp\/v2\/posts\/10984","targetHints":{"allow":["GET"]}}],"collection":[{"href":"https:\/\/zonaroja.com.mx\/index.php?rest_route=\/wp\/v2\/posts"}],"about":[{"href":"https:\/\/zonaroja.com.mx\/index.php?rest_route=\/wp\/v2\/types\/post"}],"author":[{"embeddable":true,"href":"https:\/\/zonaroja.com.mx\/index.php?rest_route=\/wp\/v2\/users\/2"}],"replies":[{"embeddable":true,"href":"https:\/\/zonaroja.com.mx\/index.php?rest_route=%2Fwp%2Fv2%2Fcomments&post=10984"}],"version-history":[{"count":1,"href":"https:\/\/zonaroja.com.mx\/index.php?rest_route=\/wp\/v2\/posts\/10984\/revisions"}],"predecessor-version":[{"id":10985,"href":"https:\/\/zonaroja.com.mx\/index.php?rest_route=\/wp\/v2\/posts\/10984\/revisions\/10985"}],"wp:featuredmedia":[{"embeddable":true,"href":"https:\/\/zonaroja.com.mx\/index.php?rest_route=\/wp\/v2\/media\/10983"}],"wp:attachment":[{"href":"https:\/\/zonaroja.com.mx\/index.php?rest_route=%2Fwp%2Fv2%2Fmedia&parent=10984"}],"wp:term":[{"taxonomy":"category","embeddable":true,"href":"https:\/\/zonaroja.com.mx\/index.php?rest_route=%2Fwp%2Fv2%2Fcategories&post=10984"},{"taxonomy":"post_tag","embeddable":true,"href":"https:\/\/zonaroja.com.mx\/index.php?rest_route=%2Fwp%2Fv2%2Ftags&post=10984"}],"curies":[{"name":"wp","href":"https:\/\/api.w.org\/{rel}","templated":true}]}}