{"id":10986,"date":"2020-04-11T18:26:39","date_gmt":"2020-04-11T23:26:39","guid":{"rendered":"http:\/\/www.zonaroja.com.mx\/?p=10986"},"modified":"2020-04-11T18:26:41","modified_gmt":"2020-04-11T23:26:41","slug":"confirman-los-sso-tercera-defuncion-por-covid-19-en-la-entidad","status":"publish","type":"post","link":"https:\/\/zonaroja.com.mx\/?p=10986","title":{"rendered":"Confirman los SSO tercera defunci\u00f3n por Covid-19 en la entidad"},"content":{"rendered":"\n<p>Redacci\u00f3n\/Zona Roja.<\/p>\n\n\n\n<p>Oaxaca de Ju\u00e1rez, Oax. 11 de abril de\n2020.- La dependencia Servicios de Salud de Oaxaca (SSO) confirm\u00f3 este s\u00e1bado\nla tercera defunci\u00f3n en la entidad asociada al coronavirus Covid-19.<\/p>\n\n\n\n<p>Se trata de un hombre de 72 a\u00f1os de\nedad, originario de la regi\u00f3n de la Costa, inform\u00f3 a trav\u00e9s de un comunicado,\nsin especificar el lugar, que ser\u00eda el municipio de Santa Mar\u00eda Huatulco, de\nacuerdo con las autoridades municipales.<\/p>\n\n\n\n<p>El titular de los SSO, Donato Casas, detall\u00f3\nque el paciente inici\u00f3 s\u00edntomas el pasado 26 de marzo. El d\u00eda 6 de abril\ningres\u00f3 a una unidad hospitalaria. Al d\u00eda siguiente, se realiz\u00f3 la prueba y el\n8 de abril el laboratorio dio a conocer los resultados positivos a Covid-19.<\/p>\n\n\n\n<p>Lamentablemente -dijo- se trababa de un\npaciente con hipertensi\u00f3n arterial y diabetes mellitus; enfermedades que hacen\nblanco f\u00e1cil a quienes las padecen de sufrir complicaciones con el curso de la\nenfermedad provocada por el nuevo coronavirus.<\/p>\n\n\n\n<p>Agreg\u00f3 que a pesar de los esfuerzos\nrealizados por el personal m\u00e9dico que lo atendi\u00f3, el deterioro en la funci\u00f3n\nrespiratoria y metab\u00f3lica provoc\u00f3 el fallecimiento del paciente \u00e9ste d\u00eda.<\/p>\n\n\n\n<p>Ante ello, recalc\u00f3 la importancia de\nseguir puntualmente las medidas de prevenci\u00f3n como quedarse en casa, mantener\nh\u00e1bitos de higiene y extremar cuidados con los grupos vulnerables.<\/p>\n\n\n\n<p>Nuevamente hizo el llamado urgente a la\npoblaci\u00f3n y autoridades municipales para sumarse a estas acciones de\nmitigaci\u00f3n, as\u00ed como respetar el aislamiento social, \u00fanica medida que permitir\u00e1\ncortar la cadena de transmisi\u00f3n y evitar as\u00ed, la saturaci\u00f3n de las\ninstituciones m\u00e9dicas.<\/p>\n\n\n\n<p>Finalmente, record\u00f3 que ante cualquier duda sobre el Covid-19, pueden comunicarse al Centro de Atenci\u00f3n Telef\u00f3nica de la Unidad de Inteligencia para Emergencias en Salud (UIES), al 800 770 84 37, donde recibir\u00e1n orientaci\u00f3n m\u00e9dica.<\/p>\n","protected":false},"excerpt":{"rendered":"<p>Redacci\u00f3n\/Zona Roja. Oaxaca de Ju\u00e1rez, Oax. 11 de abril de 2020.- La dependencia Servicios de&hellip;<\/p>\n","protected":false},"author":2,"featured_media":8578,"comment_status":"closed","ping_status":"open","sticky":false,"template":"","format":"standard","meta":{"_lmt_disableupdate":"","_lmt_disable":"","_jetpack_memberships_contains_paid_content":false,"footnotes":""},"categories":[109,47],"tags":[1512],"class_list":["post-10986","post","type-post","status-publish","format-standard","has-post-thumbnail","hentry","category-minuto-a-minuto","category-zona-gris","tag-coronavirus-oaxaca"],"jetpack_featured_media_url":"https:\/\/zonaroja.com.mx\/wp-content\/uploads\/2020\/02\/Coronavirus.jpg","jetpack_sharing_enabled":true,"_links":{"self":[{"href":"https:\/\/zonaroja.com.mx\/index.php?rest_route=\/wp\/v2\/posts\/10986","targetHints":{"allow":["GET"]}}],"collection":[{"href":"https:\/\/zonaroja.com.mx\/index.php?rest_route=\/wp\/v2\/posts"}],"about":[{"href":"https:\/\/zonaroja.com.mx\/index.php?rest_route=\/wp\/v2\/types\/post"}],"author":[{"embeddable":true,"href":"https:\/\/zonaroja.com.mx\/index.php?rest_route=\/wp\/v2\/users\/2"}],"replies":[{"embeddable":true,"href":"https:\/\/zonaroja.com.mx\/index.php?rest_route=%2Fwp%2Fv2%2Fcomments&post=10986"}],"version-history":[{"count":1,"href":"https:\/\/zonaroja.com.mx\/index.php?rest_route=\/wp\/v2\/posts\/10986\/revisions"}],"predecessor-version":[{"id":10987,"href":"https:\/\/zonaroja.com.mx\/index.php?rest_route=\/wp\/v2\/posts\/10986\/revisions\/10987"}],"wp:featuredmedia":[{"embeddable":true,"href":"https:\/\/zonaroja.com.mx\/index.php?rest_route=\/wp\/v2\/media\/8578"}],"wp:attachment":[{"href":"https:\/\/zonaroja.com.mx\/index.php?rest_route=%2Fwp%2Fv2%2Fmedia&parent=10986"}],"wp:term":[{"taxonomy":"category","embeddable":true,"href":"https:\/\/zonaroja.com.mx\/index.php?rest_route=%2Fwp%2Fv2%2Fcategories&post=10986"},{"taxonomy":"post_tag","embeddable":true,"href":"https:\/\/zonaroja.com.mx\/index.php?rest_route=%2Fwp%2Fv2%2Ftags&post=10986"}],"curies":[{"name":"wp","href":"https:\/\/api.w.org\/{rel}","templated":true}]}}