{"id":10989,"date":"2020-04-11T18:58:09","date_gmt":"2020-04-11T23:58:09","guid":{"rendered":"http:\/\/www.zonaroja.com.mx\/?p=10989"},"modified":"2020-04-11T18:58:12","modified_gmt":"2020-04-11T23:58:12","slug":"mueren-cinco-personas-calcinadas-en-oaxaca-por-combatir-incendio","status":"publish","type":"post","link":"https:\/\/zonaroja.com.mx\/?p=10989","title":{"rendered":"Mueren cinco personas calcinadas en Oaxaca por combatir incendio"},"content":{"rendered":"\n<p>Redacci\u00f3n\/Zona Roja.<\/p>\n\n\n\n<p>Oaxaca de Ju\u00e1rez, Oax., 11 de abril de\n2020.- Al menos cinco personas perdieron la vida este s\u00e1bado en el combate a un\nincendio forestal que ocurre en la regi\u00f3n Mixteca de Oaxaca, desde hace cuatro\nd\u00edas.<\/p>\n\n\n\n<p>La poblaci\u00f3n y autoridad municipal de\nSantos Reyes Tepejillo confirm\u00f3 la conflagraci\u00f3n, que abarca l\u00edmites con\nSantiago Juxtlahuaca y San Juan Mixtepec, donde hab\u00edan quedado atrapados por el\nfuego varios comuneros, que son los que habr\u00edan muerto.<\/p>\n\n\n\n<p>Hasta el momento no hay informaci\u00f3n del\nGobierno del Estado acerca de los hechos; no obstante, fuentes municipales\nconfirmaron los decesos por calcinamiento.<\/p>\n\n\n\n<p>A trav\u00e9s de redes sociales, la Comisi\u00f3n\nEstatal Forestal confirm\u00f3 que mantiene brigadas en la zona, por el lado de\nSantiago Juxtlahuaca y por el lado de Santos Reyes Tepejillo.<\/p>\n","protected":false},"excerpt":{"rendered":"<p>Redacci\u00f3n\/Zona Roja. Oaxaca de Ju\u00e1rez, Oax., 11 de abril de 2020.- Al menos cinco personas&hellip;<\/p>\n","protected":false},"author":2,"featured_media":10990,"comment_status":"closed","ping_status":"open","sticky":false,"template":"","format":"standard","meta":{"_lmt_disableupdate":"","_lmt_disable":"","_jetpack_memberships_contains_paid_content":false,"footnotes":""},"categories":[109,47],"tags":[1255],"class_list":["post-10989","post","type-post","status-publish","format-standard","has-post-thumbnail","hentry","category-minuto-a-minuto","category-zona-gris","tag-comision-estatal-forestal-de-oaxaca"],"jetpack_featured_media_url":"https:\/\/zonaroja.com.mx\/wp-content\/uploads\/2020\/04\/aebcc059-b073-477f-96e9-77449b5498b9.jpg","jetpack_sharing_enabled":true,"_links":{"self":[{"href":"https:\/\/zonaroja.com.mx\/index.php?rest_route=\/wp\/v2\/posts\/10989","targetHints":{"allow":["GET"]}}],"collection":[{"href":"https:\/\/zonaroja.com.mx\/index.php?rest_route=\/wp\/v2\/posts"}],"about":[{"href":"https:\/\/zonaroja.com.mx\/index.php?rest_route=\/wp\/v2\/types\/post"}],"author":[{"embeddable":true,"href":"https:\/\/zonaroja.com.mx\/index.php?rest_route=\/wp\/v2\/users\/2"}],"replies":[{"embeddable":true,"href":"https:\/\/zonaroja.com.mx\/index.php?rest_route=%2Fwp%2Fv2%2Fcomments&post=10989"}],"version-history":[{"count":1,"href":"https:\/\/zonaroja.com.mx\/index.php?rest_route=\/wp\/v2\/posts\/10989\/revisions"}],"predecessor-version":[{"id":10991,"href":"https:\/\/zonaroja.com.mx\/index.php?rest_route=\/wp\/v2\/posts\/10989\/revisions\/10991"}],"wp:featuredmedia":[{"embeddable":true,"href":"https:\/\/zonaroja.com.mx\/index.php?rest_route=\/wp\/v2\/media\/10990"}],"wp:attachment":[{"href":"https:\/\/zonaroja.com.mx\/index.php?rest_route=%2Fwp%2Fv2%2Fmedia&parent=10989"}],"wp:term":[{"taxonomy":"category","embeddable":true,"href":"https:\/\/zonaroja.com.mx\/index.php?rest_route=%2Fwp%2Fv2%2Fcategories&post=10989"},{"taxonomy":"post_tag","embeddable":true,"href":"https:\/\/zonaroja.com.mx\/index.php?rest_route=%2Fwp%2Fv2%2Ftags&post=10989"}],"curies":[{"name":"wp","href":"https:\/\/api.w.org\/{rel}","templated":true}]}}