{"id":10993,"date":"2020-04-11T22:16:33","date_gmt":"2020-04-12T03:16:33","guid":{"rendered":"https:\/\/www.zonaroja.com.mx\/?p=10993"},"modified":"2020-04-11T22:16:36","modified_gmt":"2020-04-12T03:16:36","slug":"sabado-un-ejecutado-en-istmo-cadaver-en-rio-de-la-cuenca-y-encajuelado-en-costa","status":"publish","type":"post","link":"https:\/\/zonaroja.com.mx\/?p=10993","title":{"rendered":"S\u00e1bado: un ejecutado en Istmo, cad\u00e1ver en r\u00edo de la Cuenca y encajuelado en Costa"},"content":{"rendered":"\n<p class=\"MsoNormal\"><\/p>\n\n\n\n<p class=\"MsoNormal\">Redacci\u00f3n\/Zona Roja.<\/p>\n\n\n\n<p class=\"MsoNormal\">Oaxaca de Ju\u00e1rez, Oax., 11 de abril de 2020.- Una persona fue ejecutada a balazos en El Barrio La Soledad, regi\u00f3n del Istmo, mientras que en la Cuenca fue hallado flotando un cuerpo en el r\u00edo \u201cPapaloapan\u201d. Adem\u00e1s, el la Costa fue hallado un individuo en el \u00ednterin de un taxi. <\/p>\n\n\n\n<p class=\"MsoNormal\">En el municipio de El Barrio, fue ultimado a balazos Jos\u00e9 Antonio T. G., de 22 a\u00f1os de edad, a un costado de la carretera local que comunica de La Chigola a Las Cruces.<\/p>\n\n\n\n<p class=\"MsoNormal\">La v\u00edctima a\u00fan no ha sido identificada y presenta varios disparos de arma de fuego en el cuerpo.<\/p>\n\n\n\n<p class=\"MsoNormal\">Mientras tanto, en jurisdicci\u00f3n de San Juan Bautista Tuxtepec fue hallado flotando en el r\u00edo \u201cPapaloapan\u201d el cad\u00e1ver de una persona del sexo masculino.<\/p>\n\n\n\n<p class=\"MsoNormal\">El hallazgo ocurri\u00f3 la tarde de hoy en inmediaciones de la colonia La Piragua y hasta el momento se desconoce su identidad, as\u00ed como la forma en que fue victimado.<\/p>\n\n\n\n<p>Por otra parte, esta noche en el interior de un taxi del sitio \u201cEl Maguey\u201d, de Bah\u00edas de Huatulco fue hallado el cuerpo de un individuo.<\/p>\n\n\n\n<p>La unidad marca Nissan, tipo Tiida, con n\u00famero econ\u00f3mico 17385 fue encontrada a la altura de El Moj\u00f3n, con rumbo hacia Zimatan. Hasta el momento no ha sido identificado el occiso. <\/p>\n\n\n\n<p><\/p>\n","protected":false},"excerpt":{"rendered":"<p>Redacci\u00f3n\/Zona Roja. Oaxaca de Ju\u00e1rez, Oax., 11 de abril de 2020.- Una persona fue ejecutada&hellip;<\/p>\n","protected":false},"author":2,"featured_media":10992,"comment_status":"closed","ping_status":"open","sticky":false,"template":"","format":"standard","meta":{"_lmt_disableupdate":"","_lmt_disable":"","_jetpack_memberships_contains_paid_content":false,"footnotes":""},"categories":[109,51],"tags":[],"class_list":["post-10993","post","type-post","status-publish","format-standard","has-post-thumbnail","hentry","category-minuto-a-minuto","category-zona-roja"],"jetpack_featured_media_url":"https:\/\/zonaroja.com.mx\/wp-content\/uploads\/2020\/04\/a391fec6-b8f6-4250-a3c2-4f1a635ae01c.jpg","jetpack_sharing_enabled":true,"_links":{"self":[{"href":"https:\/\/zonaroja.com.mx\/index.php?rest_route=\/wp\/v2\/posts\/10993","targetHints":{"allow":["GET"]}}],"collection":[{"href":"https:\/\/zonaroja.com.mx\/index.php?rest_route=\/wp\/v2\/posts"}],"about":[{"href":"https:\/\/zonaroja.com.mx\/index.php?rest_route=\/wp\/v2\/types\/post"}],"author":[{"embeddable":true,"href":"https:\/\/zonaroja.com.mx\/index.php?rest_route=\/wp\/v2\/users\/2"}],"replies":[{"embeddable":true,"href":"https:\/\/zonaroja.com.mx\/index.php?rest_route=%2Fwp%2Fv2%2Fcomments&post=10993"}],"version-history":[{"count":1,"href":"https:\/\/zonaroja.com.mx\/index.php?rest_route=\/wp\/v2\/posts\/10993\/revisions"}],"predecessor-version":[{"id":10994,"href":"https:\/\/zonaroja.com.mx\/index.php?rest_route=\/wp\/v2\/posts\/10993\/revisions\/10994"}],"wp:featuredmedia":[{"embeddable":true,"href":"https:\/\/zonaroja.com.mx\/index.php?rest_route=\/wp\/v2\/media\/10992"}],"wp:attachment":[{"href":"https:\/\/zonaroja.com.mx\/index.php?rest_route=%2Fwp%2Fv2%2Fmedia&parent=10993"}],"wp:term":[{"taxonomy":"category","embeddable":true,"href":"https:\/\/zonaroja.com.mx\/index.php?rest_route=%2Fwp%2Fv2%2Fcategories&post=10993"},{"taxonomy":"post_tag","embeddable":true,"href":"https:\/\/zonaroja.com.mx\/index.php?rest_route=%2Fwp%2Fv2%2Ftags&post=10993"}],"curies":[{"name":"wp","href":"https:\/\/api.w.org\/{rel}","templated":true}]}}