{"id":10999,"date":"2020-04-11T22:29:11","date_gmt":"2020-04-12T03:29:11","guid":{"rendered":"https:\/\/www.zonaroja.com.mx\/?p=10999"},"modified":"2020-04-12T07:21:52","modified_gmt":"2020-04-12T12:21:52","slug":"recayo-un-paciente-por-coronavirus-en-oaxaca-suman-43-casos-positivos","status":"publish","type":"post","link":"https:\/\/zonaroja.com.mx\/?p=10999","title":{"rendered":"Recay\u00f3 un paciente por coronavirus en Oaxaca; suman 43 casos positivos"},"content":{"rendered":"\n<p class=\"MsoNormal\">Redacci\u00f3n\/Zona Roja.<\/p>\n\n\n\n<p class=\"MsoNormal\">Oaxaca de Ju\u00e1rez, Oax. 12 de abril de 2020.- Un paciente que ya se hab\u00eda recuperado del coronavirus Covid-19, recay\u00f3.<\/p>\n\n\n\n<p class=\"MsoNormal\">De acuerdo con las cifras de los Servicios de Salud de Oaxaca (SSO), el viernes eran 20 personas las que se hab\u00edan recuperado, mientras que ayer s\u00e1bado la cifra es de 19.<\/p>\n\n\n\n<p class=\"MsoNormal\">En un comunicado, l secretario de Salud en la entidad, Donato Casas Escamilla, dio a conocer que al corte de este 11 de abril, de acuerdo al Sistema Federal de Vigilancia Epidemiol\u00f3gica, en la entidad se han contabilizado 43 casos positivos a COVID-19.<\/p>\n\n\n\n<p class=\"MsoNormal\">Aclar\u00f3 que el sistema federal realiz\u00f3 una depuraci\u00f3n de casos por lo que elimin\u00f3 de la plataforma de Oaxaca el caso del paciente oriundo de Tuxtepec, el cual fue notificado y atendido en la Ciudad de M\u00e9xico, por lo que se carg\u00f3 a la numeralia de esa entidad.<\/p>\n\n\n\n<p class=\"MsoNormal\">En consecuencia \u2013dijo&#8211; Oaxaca suma hoy tres casos nuevos: dos pertenecientes a la Jurisdicci\u00f3n de Valles Centrales, un hombre de 59 a\u00f1os y una mujer de 35, as\u00ed como un hombre de 21 a\u00f1os de la Mixteca.&nbsp;<\/p>\n\n\n\n<p class=\"MsoNormal\">Inform\u00f3 que en total se han recibido 409 notificaciones -quitando el caso antes mencionado de la regi\u00f3n del Papaloapan- de los cuales 302 son negativos y 64 casos est\u00e1n en proceso de estudio, 19 pacientes se han recuperado; as\u00ed como tres defunciones \u2013la \u00faltima registrada este s\u00e1bado de un hombre de 72 a\u00f1os, de la regi\u00f3n de la Costa-.<\/p>\n\n\n\n<p class=\"MsoNormal\">Casas Escamilla reconoci\u00f3 que es comprensible el dolor de los familiares por la p\u00e9rdida de un ser querido o querida diagnosticado con Covid-19, pero ante la contingencia es imperativo que no se realice la velaci\u00f3n de los cuerpos, esto como una medida necesaria para evitar contagios entre la familia y amigos.<\/p>\n\n\n\n<p class=\"MsoNormal\">Sostuvo que, de acuerdo con los lineamientos generales, no se permitir\u00e1 el contacto con el cuerpo, y su f\u00e9retro deber\u00e1 estar sellado y la inhumaci\u00f3n o cremaci\u00f3n, deber\u00e1 realizarse de forma inmediata.<\/p>\n\n\n\n<p class=\"MsoNormal\">Y es que, aunque la entidad oaxaque\u00f1a est\u00e1 apegada a sus costumbres y tradiciones, se hace el exhorto a la poblaci\u00f3n y autoridades a seguir el reglamento de la Ley General de Salud en materia de control sanitario de la disposici\u00f3n de \u00f3rganos, tejidos y cad\u00e1veres de seres humanos.<\/p>\n\n\n\n<p class=\"MsoNormal\">El titular de los SSO pidi\u00f3 a la poblaci\u00f3n para que se quede en casa, principalmente los adultos mayores, embarazadas, personas con enfermedades cr\u00f3nicas, as\u00ed como ni\u00f1as y ni\u00f1os menores de cinco a\u00f1os, ya que representan los grupos vulnerables a complicaciones por el nuevo coronavirus.<\/p>\n\n\n\n<p class=\"MsoNormal\">Finalmente, pidi\u00f3 no difundir rumores o noticias falsas a trav\u00e9s de redes sociales, ya que los \u00fanicos autorizados para dar informaci\u00f3n son la Secretar\u00eda de Salud Federal y los Servicios de Salud de Oaxaca, y en caso de tener dudas sobre el COVID-19, llamar al <a href=\"\/\/7\">Centro de Atenci\u00f3n Telef\u00f3nica de la Unidad de Inteligencia para<\/a> Emergencias en Salud (CAT -UIES), <a href=\"tel:800%20770%2084%2037\">800 770 84 37<\/a> y al WhatsApp <a href=\"tel:951%20297%2057%2041\">951 297 57 41<\/a>.<\/p>\n","protected":false},"excerpt":{"rendered":"<p>Redacci\u00f3n\/Zona Roja. Oaxaca de Ju\u00e1rez, Oax. 12 de abril de 2020.- Un paciente que ya&hellip;<\/p>\n","protected":false},"author":2,"featured_media":10998,"comment_status":"closed","ping_status":"open","sticky":false,"template":"","format":"standard","meta":{"_lmt_disableupdate":"","_lmt_disable":"","_jetpack_memberships_contains_paid_content":false,"footnotes":""},"categories":[109,47],"tags":[1497],"class_list":["post-10999","post","type-post","status-publish","format-standard","has-post-thumbnail","hentry","category-minuto-a-minuto","category-zona-gris","tag-coronavirus-en-oaxaca"],"jetpack_featured_media_url":"https:\/\/zonaroja.com.mx\/wp-content\/uploads\/2020\/04\/dd6336b6-5816-44b6-a963-247e711fb48e.jpg","jetpack_sharing_enabled":true,"_links":{"self":[{"href":"https:\/\/zonaroja.com.mx\/index.php?rest_route=\/wp\/v2\/posts\/10999","targetHints":{"allow":["GET"]}}],"collection":[{"href":"https:\/\/zonaroja.com.mx\/index.php?rest_route=\/wp\/v2\/posts"}],"about":[{"href":"https:\/\/zonaroja.com.mx\/index.php?rest_route=\/wp\/v2\/types\/post"}],"author":[{"embeddable":true,"href":"https:\/\/zonaroja.com.mx\/index.php?rest_route=\/wp\/v2\/users\/2"}],"replies":[{"embeddable":true,"href":"https:\/\/zonaroja.com.mx\/index.php?rest_route=%2Fwp%2Fv2%2Fcomments&post=10999"}],"version-history":[{"count":2,"href":"https:\/\/zonaroja.com.mx\/index.php?rest_route=\/wp\/v2\/posts\/10999\/revisions"}],"predecessor-version":[{"id":11003,"href":"https:\/\/zonaroja.com.mx\/index.php?rest_route=\/wp\/v2\/posts\/10999\/revisions\/11003"}],"wp:featuredmedia":[{"embeddable":true,"href":"https:\/\/zonaroja.com.mx\/index.php?rest_route=\/wp\/v2\/media\/10998"}],"wp:attachment":[{"href":"https:\/\/zonaroja.com.mx\/index.php?rest_route=%2Fwp%2Fv2%2Fmedia&parent=10999"}],"wp:term":[{"taxonomy":"category","embeddable":true,"href":"https:\/\/zonaroja.com.mx\/index.php?rest_route=%2Fwp%2Fv2%2Fcategories&post=10999"},{"taxonomy":"post_tag","embeddable":true,"href":"https:\/\/zonaroja.com.mx\/index.php?rest_route=%2Fwp%2Fv2%2Ftags&post=10999"}],"curies":[{"name":"wp","href":"https:\/\/api.w.org\/{rel}","templated":true}]}}