{"id":11004,"date":"2020-04-12T07:59:23","date_gmt":"2020-04-12T12:59:23","guid":{"rendered":"http:\/\/www.zonaroja.com.mx\/?p=11004"},"modified":"2020-04-12T07:59:37","modified_gmt":"2020-04-12T12:59:37","slug":"ataque-armado-deja-un-policia-estatal-muerto-y-otro-herido-hay-detenidos","status":"publish","type":"post","link":"https:\/\/zonaroja.com.mx\/?p=11004","title":{"rendered":"Ataque armado deja un polic\u00eda estatal muerto y otro herido; hay detenidos"},"content":{"rendered":"\n<p>Ismael Garc\u00eda M.<\/p>\n\n\n\n<p>Oaxaca de Ju\u00e1rez, Oax., 12 de abril de\n2020.- Un ataque armado tras una persecuci\u00f3n, dej\u00f3 anoche un elemento de la\nPolic\u00eda Estatal muerto y otro lesionado, hechos ocurridos frente a un m\u00f3dulo de\nla polic\u00eda municipal de San Jacinto Amilpas.<\/p>\n\n\n\n<p>Poco despu\u00e9s de las 21:00 horas de este s\u00e1bado, al menos tres sujetos asaltaron con armas de grueso calibre la gasoliner\u00eda \u201cServiGas\u201d ubicada en ese municipio, colindante por la zona poniente con la ciudad de Oaxaca, tras lo cual inici\u00f3 la persecuci\u00f3n.<\/p>\n\n\n\n<figure class=\"wp-block-embed-twitter wp-block-embed is-type-rich is-provider-twitter\"><div class=\"wp-block-embed__wrapper\">\n<div class=\"twitter-tweet\"><blockquote class=\"twitter-tweet\" data-lang=\"es\"><p lang=\"es\" dir=\"ltr\"><a href=\"https:\/\/twitter.com\/hashtag\/OaxacaRojo?src=hash&amp;ref_src=twsrc%5Etfw\">#OaxacaRojo<\/a><br>Un asalto de sujetos con armas de grueso calibre a una gasoliner\u00eda origin\u00f3 anoche en San Jacinto Amilpas, <a href=\"https:\/\/twitter.com\/hashtag\/Oaxaca?src=hash&amp;ref_src=twsrc%5Etfw\">#Oaxaca<\/a>, una persecuci\u00f3n policiaca, que deriv\u00f3 en la muerte de un elemento de la <a href=\"https:\/\/twitter.com\/Policia_GobOax?ref_src=twsrc%5Etfw\">@policia_goboax<\/a> y uno m\u00e1s herido; hay dos detenidos. <br>Video: Cortes\u00eda <a href=\"https:\/\/t.co\/FPxGzel9em\">pic.twitter.com\/FPxGzel9em<\/a><\/p>&mdash; Zona Roja Oaxaca (@MexRoja) <a href=\"https:\/\/twitter.com\/MexRoja\/status\/1249314964017491969?ref_src=twsrc%5Etfw\">12 de abril de 2020<\/a><\/blockquote><\/div>\n<\/div><\/figure>\n\n\n\n<p>Personal de la Polic\u00eda Estatal a bordo\nde una camioneta fue alertada e inici\u00f3 una persecuci\u00f3n; fue sobre las riberas\ndel r\u00edo \u201cAtoyac\u201d donde les dieron alcance; sin embargo, fueron recibidos a\nbalazos.<\/p>\n\n\n\n<p>En el lugar cay\u00f3 abatido el elemento Rogaciano M. O., mientras que Jorge M. M. result\u00f3 lesionado y trasladado a un hospital.<\/p>\n\n\n\n<figure class=\"wp-block-embed-twitter wp-block-embed is-type-rich is-provider-twitter\"><div class=\"wp-block-embed__wrapper\">\n<div class=\"twitter-tweet\"><blockquote class=\"twitter-tweet\" data-lang=\"es\"><p lang=\"es\" dir=\"ltr\"><a href=\"https:\/\/twitter.com\/hashtag\/OaxacaRojo?src=hash&amp;ref_src=twsrc%5Etfw\">#OaxacaRojo<\/a><br>Fue en las riberas del r\u00edo \u201cAtoyac\u201d, cerca de una caseta de la Polic\u00eda Municipal de San Jacinto Amilpas, donde ocurri\u00f3 el ataque contra elementos de la <a href=\"https:\/\/twitter.com\/SSP_GobOax?ref_src=twsrc%5Etfw\">@SSP_GobOax<\/a>;a\u00fan no identifican al polic\u00eda asesinado ni al herido, este \u00faltimo trasladado a un hospital de la ciudad. <a href=\"https:\/\/t.co\/cL9eug7uHq\">pic.twitter.com\/cL9eug7uHq<\/a><\/p>&mdash; Zona Roja Oaxaca (@MexRoja) <a href=\"https:\/\/twitter.com\/MexRoja\/status\/1249197062320685058?ref_src=twsrc%5Etfw\">12 de abril de 2020<\/a><\/blockquote><\/div>\n<\/div><\/figure>\n\n\n\n<p>La b\u00fasqueda de los probables delincuentes, que viajaban a bordo de una camioneta marca Nissan, se intensific\u00f3 y seg\u00fan inform\u00f3 la Secretar\u00eda de Seguridad P\u00fablica, fueron detenidas dos personas, que fueron puestas a disposici\u00f3n del Ministerio P\u00fablico, por su probable participaci\u00f3n en el ataque armado.<\/p>\n\n\n\n<figure class=\"wp-block-image\"><img decoding=\"async\" width=\"584\" height=\"901\" src=\"http:\/\/www.zonaroja.com.mx\/wp-content\/uploads\/2020\/04\/314a1e5b-164f-457e-9b43-f7b3d5ffb104.jpg\" alt=\"\" class=\"wp-image-11006\" srcset=\"https:\/\/zonaroja.com.mx\/wp-content\/uploads\/2020\/04\/314a1e5b-164f-457e-9b43-f7b3d5ffb104.jpg 584w, https:\/\/zonaroja.com.mx\/wp-content\/uploads\/2020\/04\/314a1e5b-164f-457e-9b43-f7b3d5ffb104-194x300.jpg 194w\" sizes=\"(max-width: 584px) 100vw, 584px\" \/><\/figure>\n","protected":false},"excerpt":{"rendered":"<p>Ismael Garc\u00eda M. Oaxaca de Ju\u00e1rez, Oax., 12 de abril de 2020.- Un ataque armado&hellip;<\/p>\n","protected":false},"author":2,"featured_media":11005,"comment_status":"closed","ping_status":"open","sticky":false,"template":"","format":"standard","meta":{"_lmt_disableupdate":"","_lmt_disable":"","_jetpack_memberships_contains_paid_content":false,"footnotes":""},"categories":[109,51],"tags":[984,77],"class_list":["post-11004","post","type-post","status-publish","format-standard","has-post-thumbnail","hentry","category-minuto-a-minuto","category-zona-roja","tag-policia-estatal-de-oaxaca","tag-san-jacinto-amilpas"],"jetpack_featured_media_url":"https:\/\/zonaroja.com.mx\/wp-content\/uploads\/2020\/04\/IMG_1119.jpg","jetpack_sharing_enabled":true,"_links":{"self":[{"href":"https:\/\/zonaroja.com.mx\/index.php?rest_route=\/wp\/v2\/posts\/11004","targetHints":{"allow":["GET"]}}],"collection":[{"href":"https:\/\/zonaroja.com.mx\/index.php?rest_route=\/wp\/v2\/posts"}],"about":[{"href":"https:\/\/zonaroja.com.mx\/index.php?rest_route=\/wp\/v2\/types\/post"}],"author":[{"embeddable":true,"href":"https:\/\/zonaroja.com.mx\/index.php?rest_route=\/wp\/v2\/users\/2"}],"replies":[{"embeddable":true,"href":"https:\/\/zonaroja.com.mx\/index.php?rest_route=%2Fwp%2Fv2%2Fcomments&post=11004"}],"version-history":[{"count":1,"href":"https:\/\/zonaroja.com.mx\/index.php?rest_route=\/wp\/v2\/posts\/11004\/revisions"}],"predecessor-version":[{"id":11007,"href":"https:\/\/zonaroja.com.mx\/index.php?rest_route=\/wp\/v2\/posts\/11004\/revisions\/11007"}],"wp:featuredmedia":[{"embeddable":true,"href":"https:\/\/zonaroja.com.mx\/index.php?rest_route=\/wp\/v2\/media\/11005"}],"wp:attachment":[{"href":"https:\/\/zonaroja.com.mx\/index.php?rest_route=%2Fwp%2Fv2%2Fmedia&parent=11004"}],"wp:term":[{"taxonomy":"category","embeddable":true,"href":"https:\/\/zonaroja.com.mx\/index.php?rest_route=%2Fwp%2Fv2%2Fcategories&post=11004"},{"taxonomy":"post_tag","embeddable":true,"href":"https:\/\/zonaroja.com.mx\/index.php?rest_route=%2Fwp%2Fv2%2Ftags&post=11004"}],"curies":[{"name":"wp","href":"https:\/\/api.w.org\/{rel}","templated":true}]}}