{"id":11008,"date":"2020-04-12T08:12:24","date_gmt":"2020-04-12T13:12:24","guid":{"rendered":"http:\/\/www.zonaroja.com.mx\/?p=11008"},"modified":"2020-04-12T09:21:23","modified_gmt":"2020-04-12T14:21:23","slug":"el-pequeno-gran-heroe-oaxaqueno-que-combate-el-covid-19","status":"publish","type":"post","link":"https:\/\/zonaroja.com.mx\/?p=11008","title":{"rendered":"El peque\u00f1o gran h\u00e9roe oaxaque\u00f1o que combate el Covid-19"},"content":{"rendered":"\n<p>Evlin Arag\u00f3n\/Zona Roja.<\/p>\n\n\n\n<p>Oaxaca de Ju\u00e1rez, Oax., 12 de abril de\n2020.- Jorgito, como le dicen sus familiares y conocidos, es un ni\u00f1o oaxaque\u00f1o\nde 12 a\u00f1os de edad que est\u00e1 demostrando que no importa la edad para ser todo un\nh\u00e9roe sin capa. <\/p>\n\n\n\n<p>Desde hace unos d\u00edas se dedica de\nmanera altruista al dise\u00f1o y fabricaci\u00f3n de caretas para el personal m\u00e9dico que\nen estos momentos combate la propagaci\u00f3n del Covid-19 en el pa\u00eds.<\/p>\n\n\n\n<p>Una impresora 3D, una pistola de\nsilic\u00f3n y unas tijeras se han vuelto las grandes herramientas del peque\u00f1o que\ndecidi\u00f3 ocupar su tiempo libre -al estar en receso acad\u00e9mico y deportivo debido\na la contingencia sanitaria- para apoyar al personal m\u00e9dico que no tiene\nsuficiente protecci\u00f3n con un cubreboca, ya que el virus se contagia tambi\u00e9n por\nlas mucosas de los ojos.<\/p>\n\n\n\n<p>Se trata de Jorge Mart\u00ednez Gracida,\nhermano de Georgina, mejor conocido como \u201cGigi\u201d, oaxaque\u00f1a que en el 2017 se\nconvirti\u00f3 en Premio Nacional de la Juventud en la categor\u00eda \u201cAportaci\u00f3n a la\ncultura pol\u00edtica y la democracia\u201d, quien adem\u00e1s es la principal promotora de la\nlabor del peque\u00f1o a trav\u00e9s de su cuenta de twitter @aeertiger.<\/p>\n\n\n\n<p>De acuerdo con lo expuesto en las redes\nsociales de la joven, fue hace una semana que el peque\u00f1o inicio con el dise\u00f1o y\nposterior fabricaci\u00f3n de m\u00e1scaras cuya primera entrega masiva la realiz\u00f3 en el\nHospital de la Ni\u00f1ez Oaxaque\u00f1a, en donde fueron bien recibidas debido a la\nnecesidad imperante de contar con material e insumos para atender la\ncontingencia.<\/p>\n\n\n\n<p>El mismo personal m\u00e9dico envi\u00f3\nalgunas&nbsp; fotograf\u00edas en las que se puede\nver, no solo que recibieron el material, sino que lo portaron con orgullo al\nestar hecho por las manos de un ni\u00f1o a quien incluso le agradecen el esfuerzo y\ndedicaci\u00f3n a trav\u00e9s de un peque\u00f1o video desde el hospital.<\/p>\n\n\n\n<p>\u201cSomos personal de urgencias y te damos\nlas gracias por estas caretas que nos donaste con mucho amor. \u00a1Gracias!\u201d, se\npuede escuchar en el video de unos cuantos segundos en que mujeres y hombres\nprofesionales en el cuidado de la salud portan el material recientemente\ndonado.<\/p>\n\n\n\n<p>El pasado mi\u00e9rcoles, personal del\nHospital Regional de Especialidades del Estado de Oaxaca tambi\u00e9n recibi\u00f3\ngustoso el material realizado por el menor a quien agradecieron su labor con un\nmensaje en las redes sociales acompa\u00f1ado de fotograf\u00edas donde ya portan las\ncaretas donadas.<\/p>\n\n\n\n<p>\u201cEl servicio de anestesiolog\u00eda del\nHospital Regional de Alta Especialidad agradece a los hermanos Gigi y Jorge\nMartinez Gracida la donaci\u00f3n del equipo de protecci\u00f3n para esta contingencia.\nSolo unidos y sumando esfuerzos daremos lucha a este desastre epidemiol\u00f3gico.\nGracias de parte de todos los m\u00e9dicos\u201d, publicaron en las redes sociales.<\/p>\n\n\n\n<p>LOS CONTACTAN<\/p>\n\n\n\n<p>Por su labor y compromiso social fue\nrecientemente contactado por M\u00e9xico Markers, colectivo que se ha dado a la\ntarea de fabricar caretas e invitar a las empresas y poblaci\u00f3n en general para\nque desde sus posibilidades donen material o mano de obra.<\/p>\n\n\n\n<p>\u201cQueremos reconocer el esfuerzo de\nJorge, muchas felicidades, queremos invitarlo a ser un Maker de coraz\u00f3n como\nnosotros, ay\u00fadanos a darle RT , por m\u00e1s seres humanos como el, orgullo\nnacional\u201d, citan en sus redes sociales.<\/p>\n\n\n\n<p>Jorge, como todos los ni\u00f1os, en el pa\u00eds\nha visto pausadas sus actividades acad\u00e9micas y deportivas -las mismas redes\nsociales refieren su gusto y talento por el boliche, deporte heredado por su\npadre- sin embargo, ha conseguido hacer con su tiempo libre lo que pocas\npersonas, ayudar a quienes lo necesitan sin recibir nada a cambio.<\/p>\n\n\n\n<p>En los breves videos que ha compartido\nsu hermana en las redes social, se puede observar el empe\u00f1o que pone en su\ntrabajo diario mismo que concluye con una inmensa sonrisa al momento de tener\nen sus manos cada una de las caretas terminadas, que despu\u00e9s ser\u00e1n utilizadas\npor personal m\u00e9dico que se est\u00e1 jugando en estos momentos la integridad f\u00edsica\nen la atenci\u00f3n de la pandemia mundial.<\/p>\n","protected":false},"excerpt":{"rendered":"<p>Evlin Arag\u00f3n\/Zona Roja. Oaxaca de Ju\u00e1rez, Oax., 12 de abril de 2020.- Jorgito, como le&hellip;<\/p>\n","protected":false},"author":2,"featured_media":11009,"comment_status":"closed","ping_status":"open","sticky":false,"template":"","format":"standard","meta":{"_lmt_disableupdate":"","_lmt_disable":"","_jetpack_memberships_contains_paid_content":false,"footnotes":""},"categories":[109,46],"tags":[1609,1608],"class_list":["post-11008","post","type-post","status-publish","format-standard","has-post-thumbnail","hentry","category-minuto-a-minuto","category-zona-blanca","tag-caretas-para-covid-19","tag-jorge-martinez-gracida"],"jetpack_featured_media_url":"https:\/\/zonaroja.com.mx\/wp-content\/uploads\/2020\/04\/caa6a1a0-ea66-4a49-9345-cb65eb4cf3f0.jpg","jetpack_sharing_enabled":true,"_links":{"self":[{"href":"https:\/\/zonaroja.com.mx\/index.php?rest_route=\/wp\/v2\/posts\/11008","targetHints":{"allow":["GET"]}}],"collection":[{"href":"https:\/\/zonaroja.com.mx\/index.php?rest_route=\/wp\/v2\/posts"}],"about":[{"href":"https:\/\/zonaroja.com.mx\/index.php?rest_route=\/wp\/v2\/types\/post"}],"author":[{"embeddable":true,"href":"https:\/\/zonaroja.com.mx\/index.php?rest_route=\/wp\/v2\/users\/2"}],"replies":[{"embeddable":true,"href":"https:\/\/zonaroja.com.mx\/index.php?rest_route=%2Fwp%2Fv2%2Fcomments&post=11008"}],"version-history":[{"count":1,"href":"https:\/\/zonaroja.com.mx\/index.php?rest_route=\/wp\/v2\/posts\/11008\/revisions"}],"predecessor-version":[{"id":11010,"href":"https:\/\/zonaroja.com.mx\/index.php?rest_route=\/wp\/v2\/posts\/11008\/revisions\/11010"}],"wp:featuredmedia":[{"embeddable":true,"href":"https:\/\/zonaroja.com.mx\/index.php?rest_route=\/wp\/v2\/media\/11009"}],"wp:attachment":[{"href":"https:\/\/zonaroja.com.mx\/index.php?rest_route=%2Fwp%2Fv2%2Fmedia&parent=11008"}],"wp:term":[{"taxonomy":"category","embeddable":true,"href":"https:\/\/zonaroja.com.mx\/index.php?rest_route=%2Fwp%2Fv2%2Fcategories&post=11008"},{"taxonomy":"post_tag","embeddable":true,"href":"https:\/\/zonaroja.com.mx\/index.php?rest_route=%2Fwp%2Fv2%2Ftags&post=11008"}],"curies":[{"name":"wp","href":"https:\/\/api.w.org\/{rel}","templated":true}]}}