{"id":11015,"date":"2020-04-12T12:04:22","date_gmt":"2020-04-12T17:04:22","guid":{"rendered":"http:\/\/www.zonaroja.com.mx\/?p=11015"},"modified":"2020-04-12T12:29:31","modified_gmt":"2020-04-12T17:29:31","slug":"matan-a-una-mujer-este-domingo-en-oaxaca-van-cinco-en-una-semana","status":"publish","type":"post","link":"https:\/\/zonaroja.com.mx\/?p=11015","title":{"rendered":"Matan a una mujer este domingo en Oaxaca; van seis en una semana"},"content":{"rendered":"\n<p>Ismael Garc\u00eda M.\/Zona Roja.<\/p>\n\n\n\n<p>Oaxaca de Ju\u00e1rez, Oax., 12 de abril de\n2020.- El cuerpo de una mujer, con huellas de violencia, fue localizada la\nma\u00f1ana de hoy en un camino local que comunica a San Juan Bautista La Raya con\nla Villa de Zaachila, al sur de la ciudad de Oaxaca.<\/p>\n\n\n\n<p>Con este crimen, suman seis personas del sexo femenino asesinadas en los \u00faltimos cuatro d\u00edas, tres de ellas en el Istmo, una ni\u00f1a en la Cuenca y una joven en la Mixteca.<\/p>\n\n\n\n<p>Del cad\u00e1ver que personal de la Fiscal\u00eda\nGeneral del Estado levant\u00f3 en el lecho de un arroyo, en La Raya, hasta el\nmomento no se ha proporcionado mayor informaci\u00f3n.<\/p>\n\n\n\n<p>La Agencia Estatal de Investigaciones\n(AEI) si este hecho guarda relaci\u00f3n con la localizaci\u00f3n de un cubreboca y un\nuniforme de enfermera, localizados esta ma\u00f1ana en la calle Ni\u00f1o Artillero\nesquina Donaj\u00ed, de la agencia de San Juan Chapultepec, municipio capitalino;\nlos vecinos informaron que en esa zona se escucharon anoche detonaciones.<\/p>\n\n\n\n<p>OTRO EN TUXTEPEC<\/p>\n\n\n\n<p>Por otra parte, en un camino a la\nlocalidad de Tacoteno, perteneciente a San Juan Bautista Tuxtepec, esta ma\u00f1ana\nfue ejecutada a balazos una persona del sexo masculino.<\/p>\n\n\n\n<p>De manera preliminar se inform\u00f3 que se\ntrata de Jos\u00e9 D\u00edaz, quien la v\u00edspera fue \u201clevantado\u201d en inmediaciones de la\nCentral de Maquinaria de esa ciudad de la regi\u00f3n de la Cuenca.<\/p>\n\n\n\n<p>Seg\u00fan informaci\u00f3n del medio informativo\n\u201cEl Pi\u00f1ero\u201d, con ese crimen, suman 40 homicidios dolosos en este a\u00f1o, segundo\nde la administraci\u00f3n del edil Fernando Bautista D\u00e1vila, quien va en su segundo\nperiodo como presidente municipal.<\/p>\n","protected":false},"excerpt":{"rendered":"<p>Ismael Garc\u00eda M.\/Zona Roja. Oaxaca de Ju\u00e1rez, Oax., 12 de abril de 2020.- El cuerpo&hellip;<\/p>\n","protected":false},"author":2,"featured_media":11016,"comment_status":"closed","ping_status":"open","sticky":false,"template":"","format":"standard","meta":{"_lmt_disableupdate":"","_lmt_disable":"","_jetpack_memberships_contains_paid_content":false,"footnotes":""},"categories":[109,51],"tags":[1610],"class_list":["post-11015","post","type-post","status-publish","format-standard","has-post-thumbnail","hentry","category-minuto-a-minuto","category-zona-roja","tag-feminicidio-san-juan-bautista-la-raya"],"jetpack_featured_media_url":"https:\/\/zonaroja.com.mx\/wp-content\/uploads\/2020\/04\/874ec49e-baf4-4b97-9d78-c4f8a584cf1b.jpg","jetpack_sharing_enabled":true,"_links":{"self":[{"href":"https:\/\/zonaroja.com.mx\/index.php?rest_route=\/wp\/v2\/posts\/11015","targetHints":{"allow":["GET"]}}],"collection":[{"href":"https:\/\/zonaroja.com.mx\/index.php?rest_route=\/wp\/v2\/posts"}],"about":[{"href":"https:\/\/zonaroja.com.mx\/index.php?rest_route=\/wp\/v2\/types\/post"}],"author":[{"embeddable":true,"href":"https:\/\/zonaroja.com.mx\/index.php?rest_route=\/wp\/v2\/users\/2"}],"replies":[{"embeddable":true,"href":"https:\/\/zonaroja.com.mx\/index.php?rest_route=%2Fwp%2Fv2%2Fcomments&post=11015"}],"version-history":[{"count":3,"href":"https:\/\/zonaroja.com.mx\/index.php?rest_route=\/wp\/v2\/posts\/11015\/revisions"}],"predecessor-version":[{"id":11020,"href":"https:\/\/zonaroja.com.mx\/index.php?rest_route=\/wp\/v2\/posts\/11015\/revisions\/11020"}],"wp:featuredmedia":[{"embeddable":true,"href":"https:\/\/zonaroja.com.mx\/index.php?rest_route=\/wp\/v2\/media\/11016"}],"wp:attachment":[{"href":"https:\/\/zonaroja.com.mx\/index.php?rest_route=%2Fwp%2Fv2%2Fmedia&parent=11015"}],"wp:term":[{"taxonomy":"category","embeddable":true,"href":"https:\/\/zonaroja.com.mx\/index.php?rest_route=%2Fwp%2Fv2%2Fcategories&post=11015"},{"taxonomy":"post_tag","embeddable":true,"href":"https:\/\/zonaroja.com.mx\/index.php?rest_route=%2Fwp%2Fv2%2Ftags&post=11015"}],"curies":[{"name":"wp","href":"https:\/\/api.w.org\/{rel}","templated":true}]}}