{"id":11021,"date":"2020-04-12T13:01:12","date_gmt":"2020-04-12T18:01:12","guid":{"rendered":"http:\/\/www.zonaroja.com.mx\/?p=11021"},"modified":"2020-04-12T13:01:15","modified_gmt":"2020-04-12T18:01:15","slug":"poder-judicial-donara-el-10-de-sueldo-por-tres-meses-en-apoyo-a-contingencia","status":"publish","type":"post","link":"https:\/\/zonaroja.com.mx\/?p=11021","title":{"rendered":"Poder judicial donar\u00e1 el 10% de sueldo por tres meses, en apoyo a contingencia"},"content":{"rendered":"\n<p>Evlin Arag\u00f3n\/Zona Roja.<\/p>\n\n\n\n<p>Oaxaca de Ju\u00e1rez, Oax., 12 de abril de 2020.- \u202aEl titular del Poder Judicial de Oaxaca, Eduardo Pinacho S\u00e1nchez, anunci\u00f3 que en solidaridad y de manera voluntaria, magistradas, magistrados, consejera y consejeros, as\u00ed como juezas y jueces, donar\u00e1n el 10 por ciento de su salario por los pr\u00f3ximos tres meses, para implementar acciones que hagan frente a la pandemia por Covid-19.<\/p>\n\n\n\n<p>Lo anterior lo expres\u00f3 en un mensaje emitido a trav\u00e9s de la Corporaci\u00f3n Oaxaque\u00f1a de Radio y Televisi\u00f3n (Cortv), en donde el titular del Poder Judicial en la entidad asegur\u00f3 que coincide con la propuesta planteada el pasado 7 de abril por el gobernador de Oaxaca, Alejandro Murat Hinojosa.<\/p>\n\n\n\n<p>\u201cRespaldamos esta iniciativa y en un ejercicio de responsabilidad, justicia, solidaridad y amor por Oaxaca decidimos voluntariamente aportar el diez por ciento de nuestro sueldo durante los pr\u00f3ximos tres meses\u201d, refiri\u00f3 Pinacho S\u00e1nchez.<\/p>\n\n\n\n<p>En este sentido, asegur\u00f3 que la independencia y divisi\u00f3n de poderes no supone una relaci\u00f3n de distanciamiento, sino de colaboraci\u00f3n entra las instituciones fundamentales del estado cuyas actuaciones deben orientarse en el sentido de satisfacer las necesidades del pueblo de Oaxaca.<\/p>\n\n\n\n<p>Por otra parte, y derivado que de la contingencia sanitaria y el llamado a permanecer en casa, se prev\u00e9 un aumento en casos de violencia de g\u00e9nero, como sucede en otras partes del mundo.<\/p>\n\n\n\n<p>Ante ello, el titular del TSJO asegur\u00f3 que han reforzado las acciones para garantizar el derecho de acceso a la justicia de todas las personas, sobre todo de un sector social hist\u00f3ricamente discriminado y vulnerable como son las mujeres, ni\u00f1as y ni\u00f1os y adolescentes.<\/p>\n\n\n\n<p>Al respecto indic\u00f3 se mantendr\u00e1 personal de guardia f\u00edsica en cada uno de los juzgados en material familiar o mixtos para abordar temas urgentes como: juicios de alimentos, juicios relacionados con la violencia contra mujeres, ni\u00f1as, ni\u00f1os y adolescentes, separaci\u00f3n provisional de c\u00f3nyuges, guardia o custodia de menores, \u00f3rdenes de protecci\u00f3n y de convivencia familiar, entre otros.<\/p>\n\n\n\n<p>As\u00ed mismo, detall\u00f3 que en Fondo para la Administraci\u00f3n de Justicia dispondr\u00e1 del personal indispensable para el pago y la entrega de las pensiones alimenticias, as\u00ed como se mantendr\u00e1 en operaci\u00f3n el Centro de Justicia para las Mujeres para recibir a las mujeres v\u00edctimas de violencia de g\u00e9nero.<\/p>\n\n\n\n<p>\u201cDe esta manera el Poder Judicial coadyuva en materia de prevenci\u00f3n, atenci\u00f3n, sanci\u00f3n y erradicaci\u00f3n de la violencia de g\u00e9nero, dise\u00f1ando dise\u00f1ando un conjunto de acciones que en este momento de crisis responden a las demandas de justicia de un sector discriminado y vulnerable.<\/p>\n\n\n\n<p>Finalmente puso a disposici\u00f3n de la ciudadan\u00eda el tel\u00e9fono 800 719 22 32 con la finalidad de saber cu\u00e1les son los servicios que se mantienen y crear mayores canales de acceso a la justicia.<\/p>\n","protected":false},"excerpt":{"rendered":"<p>Evlin Arag\u00f3n\/Zona Roja. Oaxaca de Ju\u00e1rez, Oax., 12 de abril de 2020.- \u202aEl titular del&hellip;<\/p>\n","protected":false},"author":2,"featured_media":11022,"comment_status":"closed","ping_status":"open","sticky":false,"template":"","format":"standard","meta":{"_lmt_disableupdate":"","_lmt_disable":"","_jetpack_memberships_contains_paid_content":false,"footnotes":""},"categories":[109,46],"tags":[1369],"class_list":["post-11021","post","type-post","status-publish","format-standard","has-post-thumbnail","hentry","category-minuto-a-minuto","category-zona-blanca","tag-tribunal-superior-de-justicia-de-oaxacatsejo"],"jetpack_featured_media_url":"https:\/\/zonaroja.com.mx\/wp-content\/uploads\/2020\/04\/e85895da-7b1d-41ea-9bb2-97623812a856.jpg","jetpack_sharing_enabled":true,"_links":{"self":[{"href":"https:\/\/zonaroja.com.mx\/index.php?rest_route=\/wp\/v2\/posts\/11021","targetHints":{"allow":["GET"]}}],"collection":[{"href":"https:\/\/zonaroja.com.mx\/index.php?rest_route=\/wp\/v2\/posts"}],"about":[{"href":"https:\/\/zonaroja.com.mx\/index.php?rest_route=\/wp\/v2\/types\/post"}],"author":[{"embeddable":true,"href":"https:\/\/zonaroja.com.mx\/index.php?rest_route=\/wp\/v2\/users\/2"}],"replies":[{"embeddable":true,"href":"https:\/\/zonaroja.com.mx\/index.php?rest_route=%2Fwp%2Fv2%2Fcomments&post=11021"}],"version-history":[{"count":1,"href":"https:\/\/zonaroja.com.mx\/index.php?rest_route=\/wp\/v2\/posts\/11021\/revisions"}],"predecessor-version":[{"id":11023,"href":"https:\/\/zonaroja.com.mx\/index.php?rest_route=\/wp\/v2\/posts\/11021\/revisions\/11023"}],"wp:featuredmedia":[{"embeddable":true,"href":"https:\/\/zonaroja.com.mx\/index.php?rest_route=\/wp\/v2\/media\/11022"}],"wp:attachment":[{"href":"https:\/\/zonaroja.com.mx\/index.php?rest_route=%2Fwp%2Fv2%2Fmedia&parent=11021"}],"wp:term":[{"taxonomy":"category","embeddable":true,"href":"https:\/\/zonaroja.com.mx\/index.php?rest_route=%2Fwp%2Fv2%2Fcategories&post=11021"},{"taxonomy":"post_tag","embeddable":true,"href":"https:\/\/zonaroja.com.mx\/index.php?rest_route=%2Fwp%2Fv2%2Ftags&post=11021"}],"curies":[{"name":"wp","href":"https:\/\/api.w.org\/{rel}","templated":true}]}}