{"id":11025,"date":"2020-04-12T14:14:58","date_gmt":"2020-04-12T19:14:58","guid":{"rendered":"http:\/\/www.zonaroja.com.mx\/?p=11025"},"modified":"2020-04-12T14:15:00","modified_gmt":"2020-04-12T19:15:00","slug":"acceso-al-agua-derecho-fundamental-en-tiempos-de-covid-19-impunidad-cero","status":"publish","type":"post","link":"https:\/\/zonaroja.com.mx\/?p=11025","title":{"rendered":"Acceso al agua, derecho fundamental en tiempos de Covid-19: Impunidad Cero"},"content":{"rendered":"\n<p>Evlin Arag\u00f3n\/Zona Roja.<\/p>\n\n\n\n<p>Oaxaca de Ju\u00e1rez, Oax., 12 de abril de\n2020 Luego del tuitazo organizado la semana pasada por la comunidad virtual en\napoyo a la exigencia de #AguaParaAyutlaYa, a la cual se adhirieron personajes\np\u00fablicos importantes, as\u00ed como la repuesta emitida por el gobierno de Oaxaca,\nla directora ejecutiva de Impunidad Cero, Irene Tello Arista, se pronunci\u00f3 al\nrespecto, asegurando que en tiempos de coronavirus es fundamental contar con el\nacceso al vital l\u00edquido.<\/p>\n\n\n\n<p>Lo hizo a trav\u00e9s de un art\u00edculo de\nopini\u00f3n publicado en un medio de circulaci\u00f3n nacional, en el que pone en\nevidencia la grave violaci\u00f3n&nbsp; a los\nderechos humanos de la poblaci\u00f3n de San Pedro y San Pablo Ayutla por parte de\nlos gobiernos estatal y federal, a quienes la comunidad ha recurrido en varias\nocasiones para exigir la reconexi\u00f3n del servicio de agua.<\/p>\n\n\n\n<p>\u201cLa comunidad de Ayutla no s\u00f3lo tiene\nque hacer frente a la epidemia del Covid-19 sin tener acceso a su fuente de\nagua, tambi\u00e9n enfrenta una sequ\u00eda en la regi\u00f3n y un incendio forestal&#8230; Hay\nque decirlo con todas sus letras la comunidad de Ayutla enfrenta una crisis humanitaria\ny una grave violaci\u00f3n a sus derechos por la ineficiencia y omisi\u00f3n de las\nautoridades\u201d, refiri\u00f3.<\/p>\n\n\n\n<p>En este sentido, Tello Arista record\u00f3\nque en tres ocasiones, pobladores de Ayutla han pedido la intervenci\u00f3n del Presidente\nde la Rep\u00fablica, Andr\u00e9s Manuel L\u00f3pez Obrador, quien se comprometi\u00f3 a analizar\nel caso sin ayudar a solucionarlo a la fecha, mientras que el gobernador de\nOaxaca, Alejandro Murat, ha hecho lo mismo sin embargo se escuda con una falta\nde acuerdos entre Ayutla y Tamazul\u00e1pam de Esp\u00edritu Santo, as\u00ed como un conflicto\nde amparos.<\/p>\n\n\n\n<p>Lo anterior dejando impunes delitos\nsuscitados en 2017 como homicidio, despojo de tierras e intimidaci\u00f3n por parte\nde un grupo armado en la zona que secuestr\u00f3 y agredi\u00f3 sexualmente a mujeres\nmixes e impide desde hace tres a\u00f1os el acceso al manantial que surte de agua\npotable a ambas comunidades ubicadas en la Sierra Norte de Oaxaca.<\/p>\n\n\n\n<p>\u201cEn lugar de investigar de forma\nadecuada el homicidio, ataque, despojo e intimidaci\u00f3n por parte de un grupo\narmado a la comunidad de Ayutla, las autoridades justifican su ineficacia,\nargumentando una falta de acuerdo entre las dos comunidades y un conflicto de\namparos, dejando en la impunidad delitos que han sido denunciados\u201d, indic\u00f3 la\nactivista.<\/p>\n\n\n\n<p>En tiempos de pandemia mundial,\ncuestion\u00f3 que hacer cuando una de las principales recomendaciones para evitar\nel contagio es lavarse las manos constantemente pero no se tiene acceso al\nagua, realidad a la que se enfrenta dijo el 14.4&nbsp; por ciento de la poblaci\u00f3n en Oaxaca que no\ncuenta con agua entubada en sus viviendas de acuerdo con informaci\u00f3n del Inegi.<\/p>\n\n\n\n<p>Situaci\u00f3n similar a la que enfrentan\nfamilias en&nbsp; el estado de Guerrero y\nmiles de casos de hogares en todo el pa\u00eds que oficialmente s\u00ed tienen acceso al\nservicio de agua potable, pero la reciben cada tres d\u00edas o a determinadas horas\ny con una coloraci\u00f3n amarillenta inquietante como sucede en la Ciudad de M\u00e9xico\ny zona metropolitana, situaci\u00f3n que tambi\u00e9n complica hacerle frente a la\npandemia actual.<\/p>\n","protected":false},"excerpt":{"rendered":"<p>Evlin Arag\u00f3n\/Zona Roja. Oaxaca de Ju\u00e1rez, Oax., 12 de abril de 2020 Luego del tuitazo&hellip;<\/p>\n","protected":false},"author":2,"featured_media":10619,"comment_status":"closed","ping_status":"open","sticky":false,"template":"","format":"standard","meta":{"_lmt_disableupdate":"","_lmt_disable":"","_jetpack_memberships_contains_paid_content":false,"footnotes":""},"categories":[109,47],"tags":[501],"class_list":["post-11025","post","type-post","status-publish","format-standard","has-post-thumbnail","hentry","category-minuto-a-minuto","category-zona-gris","tag-san-pedro-y-san-pablo-ayutla-mixe"],"jetpack_featured_media_url":"https:\/\/zonaroja.com.mx\/wp-content\/uploads\/2020\/04\/Agua-para-Ayutla1.jpg","jetpack_sharing_enabled":true,"_links":{"self":[{"href":"https:\/\/zonaroja.com.mx\/index.php?rest_route=\/wp\/v2\/posts\/11025","targetHints":{"allow":["GET"]}}],"collection":[{"href":"https:\/\/zonaroja.com.mx\/index.php?rest_route=\/wp\/v2\/posts"}],"about":[{"href":"https:\/\/zonaroja.com.mx\/index.php?rest_route=\/wp\/v2\/types\/post"}],"author":[{"embeddable":true,"href":"https:\/\/zonaroja.com.mx\/index.php?rest_route=\/wp\/v2\/users\/2"}],"replies":[{"embeddable":true,"href":"https:\/\/zonaroja.com.mx\/index.php?rest_route=%2Fwp%2Fv2%2Fcomments&post=11025"}],"version-history":[{"count":1,"href":"https:\/\/zonaroja.com.mx\/index.php?rest_route=\/wp\/v2\/posts\/11025\/revisions"}],"predecessor-version":[{"id":11026,"href":"https:\/\/zonaroja.com.mx\/index.php?rest_route=\/wp\/v2\/posts\/11025\/revisions\/11026"}],"wp:featuredmedia":[{"embeddable":true,"href":"https:\/\/zonaroja.com.mx\/index.php?rest_route=\/wp\/v2\/media\/10619"}],"wp:attachment":[{"href":"https:\/\/zonaroja.com.mx\/index.php?rest_route=%2Fwp%2Fv2%2Fmedia&parent=11025"}],"wp:term":[{"taxonomy":"category","embeddable":true,"href":"https:\/\/zonaroja.com.mx\/index.php?rest_route=%2Fwp%2Fv2%2Fcategories&post=11025"},{"taxonomy":"post_tag","embeddable":true,"href":"https:\/\/zonaroja.com.mx\/index.php?rest_route=%2Fwp%2Fv2%2Ftags&post=11025"}],"curies":[{"name":"wp","href":"https:\/\/api.w.org\/{rel}","templated":true}]}}