{"id":11027,"date":"2020-04-12T16:48:36","date_gmt":"2020-04-12T21:48:36","guid":{"rendered":"http:\/\/www.zonaroja.com.mx\/?p=11027"},"modified":"2020-04-12T17:14:20","modified_gmt":"2020-04-12T22:14:20","slug":"identifican-a-los-nueve-muertos-por-incendio-en-santos-reyes-tepejillo","status":"publish","type":"post","link":"https:\/\/zonaroja.com.mx\/?p=11027","title":{"rendered":"Identifican a los nueve muertos por incendio en Santos Reyes Tepejillo"},"content":{"rendered":"\n<p>Redacci\u00f3n\/Zona Roja.<\/p>\n\n\n\n<p>Oaxaca de Ju\u00e1rez, Oax., 12 de abril de\n2020.- Nueve personas calcinadas y tres m\u00e1s desaparecidas, del municipio de\nSantos Reyes Tepejillo, y otras tres no halladas de una comunidad vecina, es el\nsaldo hasta hoy de un fuerte incendio forestal que inici\u00f3 hace cinco d\u00edas en la\nregi\u00f3n Mixteca.<\/p>\n\n\n\n<p>Los pobladores y autoridades de\nTepejillo identificaron a las v\u00edctimas, cinco de las cuales fueron confirmadas\nayer y otras cuatro en el transcurso de este domingo.<\/p>\n\n\n\n<p>Se trata de Camerino Castillo y su hijo Willy Castillo, Pedro Salazar, Vicente Medina, Hermenegildo Montes, Lorenzo Villa, Marcelino Mendoza, Juan Rojas y su hijo, cuyo nombre falta.<\/p>\n\n\n\n<figure class=\"wp-block-embed-twitter wp-block-embed is-type-rich is-provider-twitter\"><div class=\"wp-block-embed__wrapper\">\n<div class=\"twitter-tweet\"><blockquote class=\"twitter-tweet\" data-lang=\"es\"><p lang=\"es\" dir=\"ltr\"><a href=\"https:\/\/twitter.com\/hashtag\/AlMomento?src=hash&amp;ref_src=twsrc%5Etfw\">#AlMomento<\/a> brigadas de COESFO combaten el <a href=\"https:\/\/twitter.com\/hashtag\/IncendioForestal?src=hash&amp;ref_src=twsrc%5Etfw\">#IncendioForestal<\/a> en Santos Reyes Tepejillo, en Aeronave del <a href=\"https:\/\/twitter.com\/GobOax?ref_src=twsrc%5Etfw\">@GobOax<\/a> realizan descargas de agua en la zona, y a trav\u00e9s de brechas cortafuego v\u00eda terrestre  \ud83d\ude81 \ud83d\udc69\u200d\ud83d\ude92 \ud83d\udc77\ud83c\udffb\u200d\u2642\ufe0f<a href=\"https:\/\/twitter.com\/alejandromurat?ref_src=twsrc%5Etfw\">@alejandromurat<\/a> <a href=\"https:\/\/twitter.com\/HectorA_Mafud?ref_src=twsrc%5Etfw\">@HectorA_Mafud<\/a> <a href=\"https:\/\/twitter.com\/VMendozaTG?ref_src=twsrc%5Etfw\">@VMendozaTG<\/a> <a href=\"https:\/\/twitter.com\/samygurrion?ref_src=twsrc%5Etfw\">@samygurrion<\/a> <a href=\"https:\/\/twitter.com\/ManuelMigdalia?ref_src=twsrc%5Etfw\">@ManuelMigdalia<\/a> <a href=\"https:\/\/t.co\/FnUnrercNb\">pic.twitter.com\/FnUnrercNb<\/a><\/p>&mdash; COESFO Oaxaca (@COESFO_GobOax) <a href=\"https:\/\/twitter.com\/COESFO_GobOax\/status\/1249457312772657153?ref_src=twsrc%5Etfw\">12 de abril de 2020<\/a><\/blockquote><\/div>\n<\/div><\/figure>\n\n\n\n<p>A trav\u00e9s de un video, el director de la\nComisi\u00f3n Estatal Forestal (Coesfo) inform\u00f3 que el incendio en Tepejillo &#8211;donde\nse encuentran birgadas&#8211; ha afectado 224 hect\u00e1reas, en su mayor\u00eda de \u00e1rboles de\npino.<\/p>\n\n\n\n<p>La sofocaci\u00f3n se ha complicado debido a\nque el fuego ya alcanz\u00f3 la copa de los \u00e1rboles, expuso; la poblaci\u00f3n hizo la\npetici\u00f3n directa a la Comisi\u00f3n Nacional Forestal (Conafor) y \u00e9sta a su vez\npidi\u00f3 a la Coesfo apoyar la contingencia, lo cual se hizo.<\/p>\n\n\n\n<p>La conflagraci\u00f3n se ha extendido a otros municipios vecinos, cuyos comuneros tambi\u00e9n apoyan en el combate, sin \u00e9xito hasta ahora.<\/p>\n\n\n\n<figure class=\"wp-block-embed-twitter wp-block-embed is-type-rich is-provider-twitter\"><div class=\"wp-block-embed__wrapper\">\n<div class=\"twitter-tweet\"><blockquote class=\"twitter-tweet\" data-lang=\"es\"><p lang=\"es\" dir=\"ltr\"><a href=\"https:\/\/twitter.com\/hashtag\/Reporte?src=hash&amp;ref_src=twsrc%5Etfw\">#Reporte<\/a> 96 \ud83d\udd25registrados 85 liquidados 1 controlado y 10 activos:\ud83d\udd25Sola de Vega\ud83d\udd25Stos Reyes Tepejillo\ud83d\udd25Stos Reyes P\u00e1palo\ud83d\udd25Sn Mart\u00edn Tilcajete\ud83d\udd25Sta Catarina Yosonotu\ud83d\udd25Jalapa de D\u00edaz \ud83d\udd25Sn Mart\u00edn Itunyoso\ud83d\udd25Sn Miguel Quetzaltepec\ud83d\udd25Sta Ma Petapa \ud83d\udd25Sn Bartolom\u00e9 Ayutla <a href=\"https:\/\/twitter.com\/alejandromurat?ref_src=twsrc%5Etfw\">@alejandromurat<\/a> <a href=\"https:\/\/t.co\/5SQE5Fcczb\">pic.twitter.com\/5SQE5Fcczb<\/a><\/p>&mdash; COESFO Oaxaca (@COESFO_GobOax) <a href=\"https:\/\/twitter.com\/COESFO_GobOax\/status\/1249452082240733184?ref_src=twsrc%5Etfw\">12 de abril de 2020<\/a><\/blockquote><\/div>\n<\/div><\/figure>\n\n\n\n<p>INTENSIFICAN INCENDIOS<\/p>\n\n\n\n<p>Por otro lado, de acuerdo con el\nreporte m\u00e1s reciente de la Comisi\u00f3n Estatal Forestal (Coesfo), al momento hay 96\nincendios forestales registrados, de los cuales 85 ha ya han sido liquidados, uno\ncontrolado y 10 activos.<\/p>\n\n\n\n<p>Estos \u00faltimos se encuentran en Sola de\nVega, Santos Reyes Tepejillo, Santos Reyes P\u00e1palo, San Mart\u00edn Tilcajete, Santa\nCatarina Yosonotu, Jalapa de D\u00edaz San Mart\u00edn Itunyoso, San Miguel Quetzaltepec,\nSanta Mar\u00eda Petapa y Sn Bartolom\u00e9 Ayutla.<\/p>\n","protected":false},"excerpt":{"rendered":"<p>Redacci\u00f3n\/Zona Roja. Oaxaca de Ju\u00e1rez, Oax., 12 de abril de 2020.- Nueve personas calcinadas y&hellip;<\/p>\n","protected":false},"author":2,"featured_media":11028,"comment_status":"closed","ping_status":"open","sticky":false,"template":"","format":"standard","meta":{"_lmt_disableupdate":"","_lmt_disable":"","_jetpack_memberships_contains_paid_content":false,"footnotes":""},"categories":[109,47],"tags":[1611],"class_list":["post-11027","post","type-post","status-publish","format-standard","has-post-thumbnail","hentry","category-minuto-a-minuto","category-zona-gris","tag-santos-reyes-tepejillo"],"jetpack_featured_media_url":"https:\/\/zonaroja.com.mx\/wp-content\/uploads\/2020\/04\/Incendio-forestal.jpg","jetpack_sharing_enabled":true,"_links":{"self":[{"href":"https:\/\/zonaroja.com.mx\/index.php?rest_route=\/wp\/v2\/posts\/11027","targetHints":{"allow":["GET"]}}],"collection":[{"href":"https:\/\/zonaroja.com.mx\/index.php?rest_route=\/wp\/v2\/posts"}],"about":[{"href":"https:\/\/zonaroja.com.mx\/index.php?rest_route=\/wp\/v2\/types\/post"}],"author":[{"embeddable":true,"href":"https:\/\/zonaroja.com.mx\/index.php?rest_route=\/wp\/v2\/users\/2"}],"replies":[{"embeddable":true,"href":"https:\/\/zonaroja.com.mx\/index.php?rest_route=%2Fwp%2Fv2%2Fcomments&post=11027"}],"version-history":[{"count":3,"href":"https:\/\/zonaroja.com.mx\/index.php?rest_route=\/wp\/v2\/posts\/11027\/revisions"}],"predecessor-version":[{"id":11031,"href":"https:\/\/zonaroja.com.mx\/index.php?rest_route=\/wp\/v2\/posts\/11027\/revisions\/11031"}],"wp:featuredmedia":[{"embeddable":true,"href":"https:\/\/zonaroja.com.mx\/index.php?rest_route=\/wp\/v2\/media\/11028"}],"wp:attachment":[{"href":"https:\/\/zonaroja.com.mx\/index.php?rest_route=%2Fwp%2Fv2%2Fmedia&parent=11027"}],"wp:term":[{"taxonomy":"category","embeddable":true,"href":"https:\/\/zonaroja.com.mx\/index.php?rest_route=%2Fwp%2Fv2%2Fcategories&post=11027"},{"taxonomy":"post_tag","embeddable":true,"href":"https:\/\/zonaroja.com.mx\/index.php?rest_route=%2Fwp%2Fv2%2Ftags&post=11027"}],"curies":[{"name":"wp","href":"https:\/\/api.w.org\/{rel}","templated":true}]}}