{"id":11035,"date":"2020-04-12T18:42:49","date_gmt":"2020-04-12T23:42:49","guid":{"rendered":"http:\/\/www.zonaroja.com.mx\/?p=11035"},"modified":"2020-04-12T18:42:52","modified_gmt":"2020-04-12T23:42:52","slug":"titulares-de-sso-y-sspo-se-reunen-con-sector-salud-en-la-costa","status":"publish","type":"post","link":"https:\/\/zonaroja.com.mx\/?p=11035","title":{"rendered":"Titulares de SSO y SSPO se re\u00fanen con sector Salud en la Costa"},"content":{"rendered":"\n<p>Redacci\u00f3n\/Zona Roja.<\/p>\n\n\n\n<p>Oaxaca de Ju\u00e1rez, Oax. 12 de abril de\n2020.- A fin de verificar las condiciones de los hospitales en la regi\u00f3n de la\nCosta, as\u00ed como dialogar con trabajadores y directivos de la Jurisdicci\u00f3n\nSanitaria, titulares de los Servicios de Salud de Oaxaca (SSO) y de la Secretar\u00eda\nde Seguridad P\u00fablica (SSPO) se reunieron con el personal en Puerto Escondido.<\/p>\n\n\n\n<p>El compromiso del Gobierno del Estado es\nredoblar esfuerzos para la atenci\u00f3n de la contingencia derivada del Covid-19, a\nfin de fortalecer a todos los hospitales que atender\u00e1n a los pacientes de esta\nenfermedad, pero sobre todo, garantizar la bioseguridad del personal m\u00e9dico que\nbrindar\u00e1 la atenci\u00f3n directa, informaron los SSO.<\/p>\n\n\n\n<p>El secretario de Salud en la entidad,\nDonato Casas Escamilla, sostuvo una reuni\u00f3n de trabajo con directores de los\nsiete nosocomios pertenecientes a la Jurisdicci\u00f3n Sanitaria Costa.<\/p>\n\n\n\n<p>Acompa\u00f1ado por el responsble de la SSPO,\nErnesto Salcedo Rosales, y el subsecretario general de los SSO, Juan Carlos\nM\u00e1rquez Heine, Casas Escamilla reiter\u00f3 la importancia de trabajar en equipo por\nla salud de todas y todos los oaxaque\u00f1os.<\/p>\n\n\n\n<p>\u201cAhora m\u00e1s que nunca debemos de\ntrabajar juntos, s\u00e9 que existen necesidades en cada hospital y estamos\ntrabajando en ellas para subsanarlas lo m\u00e1s pronto posible, pero hoy, estamos\nante una emergencia sanitaria que exige sumar esfuerzos, por eso, en la administraci\u00f3n\nque encabeza el gobernador, Alejandro Murat Hinojosa, estamos haciendo las\ngestiones necesarias para continuar dotando de los insumos necesarios a todos\nlos hospitales\u201d, se\u00f1al\u00f3.<\/p>\n\n\n\n<p>El funcionario aclar\u00f3 que seg\u00fan el Plan\nEmergente de Abordaje Integral del Covid-19 en el estado, en la primera fase,\nser\u00e1n \u00fanicamente los nosocomios de San Pedro Pochutla y Pinotepa Nacional, los\nque brinden atenci\u00f3n a las personas que requieran hospitalizaci\u00f3n por el nuevo\ncoronavirus.<\/p>\n\n\n\n<p>En este sentido pidi\u00f3 a los directores\nde los hospitales que manejen una comunicaci\u00f3n clara y permanente con el\npersonal a su cargo, as\u00ed como con el resto de las unidades de primer y segundo\nnivel que refieran pacientes.<\/p>\n\n\n\n<p>Tambi\u00e9n los exhort\u00f3 para hacer buen uso\nde los equipos de seguridad personal, manejar con responsabilidad la\ninformaci\u00f3n de cada paciente, as\u00ed como trabajar coordinadamente con las\nautoridades municipales, siempre respetando el \u00e1mbito de competencia de cada\nuno.<\/p>\n\n\n\n<p>Por su parte, el secretario de\nSeguridad P\u00fablica, Ernesto Salcedo Rosales, reiter\u00f3 la disposici\u00f3n de la\ndependencia para coadyuvar con los SSO en el cuidado de la poblaci\u00f3n, pues\ndijo, \u201csolamente trabajando en equipo podremos salvaguardar la integridad de\ncada una de las y los oaxaque\u00f1os\u201d.<\/p>\n\n\n\n<p>Insisti\u00f3 en el compromiso de su\npersonal para proteger el orden p\u00fablico, y hacer respetar las leyes en medio de\nla contingencia sanitaria que atraviesa el pa\u00eds, por lo que pidi\u00f3 mantener\ncontacto permanente entre ambas instituciones pues \u201csomos aliados en la l\u00ednea\nde batalla\u201d.<\/p>\n\n\n\n<p>Cabe se\u00f1alar que posterior a la reuni\u00f3n\ncon los directivos, los funcionarios tuvieron un acercamiento con trabajadores\ndel hospital General de Puerto Escondido, a quienes se les comparti\u00f3 la\ninformaci\u00f3n antes mencionada.<\/p>\n","protected":false},"excerpt":{"rendered":"<p>Redacci\u00f3n\/Zona Roja. Oaxaca de Ju\u00e1rez, Oax. 12 de abril de 2020.- A fin de verificar&hellip;<\/p>\n","protected":false},"author":2,"featured_media":11036,"comment_status":"closed","ping_status":"open","sticky":false,"template":"","format":"standard","meta":{"_lmt_disableupdate":"","_lmt_disable":"","_jetpack_memberships_contains_paid_content":false,"footnotes":""},"categories":[109,47],"tags":[1512],"class_list":["post-11035","post","type-post","status-publish","format-standard","has-post-thumbnail","hentry","category-minuto-a-minuto","category-zona-gris","tag-coronavirus-oaxaca"],"jetpack_featured_media_url":"https:\/\/zonaroja.com.mx\/wp-content\/uploads\/2020\/04\/SSO-Y-SSPO-01.jpg","jetpack_sharing_enabled":true,"_links":{"self":[{"href":"https:\/\/zonaroja.com.mx\/index.php?rest_route=\/wp\/v2\/posts\/11035","targetHints":{"allow":["GET"]}}],"collection":[{"href":"https:\/\/zonaroja.com.mx\/index.php?rest_route=\/wp\/v2\/posts"}],"about":[{"href":"https:\/\/zonaroja.com.mx\/index.php?rest_route=\/wp\/v2\/types\/post"}],"author":[{"embeddable":true,"href":"https:\/\/zonaroja.com.mx\/index.php?rest_route=\/wp\/v2\/users\/2"}],"replies":[{"embeddable":true,"href":"https:\/\/zonaroja.com.mx\/index.php?rest_route=%2Fwp%2Fv2%2Fcomments&post=11035"}],"version-history":[{"count":1,"href":"https:\/\/zonaroja.com.mx\/index.php?rest_route=\/wp\/v2\/posts\/11035\/revisions"}],"predecessor-version":[{"id":11037,"href":"https:\/\/zonaroja.com.mx\/index.php?rest_route=\/wp\/v2\/posts\/11035\/revisions\/11037"}],"wp:featuredmedia":[{"embeddable":true,"href":"https:\/\/zonaroja.com.mx\/index.php?rest_route=\/wp\/v2\/media\/11036"}],"wp:attachment":[{"href":"https:\/\/zonaroja.com.mx\/index.php?rest_route=%2Fwp%2Fv2%2Fmedia&parent=11035"}],"wp:term":[{"taxonomy":"category","embeddable":true,"href":"https:\/\/zonaroja.com.mx\/index.php?rest_route=%2Fwp%2Fv2%2Fcategories&post=11035"},{"taxonomy":"post_tag","embeddable":true,"href":"https:\/\/zonaroja.com.mx\/index.php?rest_route=%2Fwp%2Fv2%2Ftags&post=11035"}],"curies":[{"name":"wp","href":"https:\/\/api.w.org\/{rel}","templated":true}]}}