{"id":11038,"date":"2020-04-12T20:34:45","date_gmt":"2020-04-13T01:34:45","guid":{"rendered":"http:\/\/www.zonaroja.com.mx\/?p=11038"},"modified":"2020-04-12T20:38:05","modified_gmt":"2020-04-13T01:38:05","slug":"sigue-hospitalizado-el-otro-policia-lesionado-de-bala-hay-dos-detenidos","status":"publish","type":"post","link":"https:\/\/zonaroja.com.mx\/?p=11038","title":{"rendered":"Sigue hospitalizado el otro polic\u00eda lesionado de bala; hay dos detenidos"},"content":{"rendered":"\n<p>Redacci\u00f3n\/Zona Roja.<\/p>\n\n\n\n<p>Oaxaca de Ju\u00e1rez, Oax. 12 de abril de\n2020. La Secretar\u00eda de Seguridad P\u00fablica de Oaxaca (SSPO) confirm\u00f3 el\nfallecimiento de un polic\u00eda estatal y de uno m\u00e1s herido, luego del\nenfrentamiento ocurrido la noche de este s\u00e1bado en inmediaciones del San\nJacinto Amilpas.<\/p>\n\n\n\n<p>En un comunicado, inform\u00f3 que los\nhechos se presentaron en el momento que atend\u00edan un reporte de emergencia\nproveniente de una estaci\u00f3n de abastecimiento de combustible de dicho\nmunicipio.<\/p>\n\n\n\n<p>Expuso que durante el ataque, el\npolic\u00eda estatal, Rogaciano V. O. perdi\u00f3 la vida en cumplimiento del deber;\nmientras que el otro elemento fue herido de gravedad, el cual se encuentra\nhospitalizado para su atenci\u00f3n.<\/p>\n\n\n\n<p>Rogaciano V.O., se desempe\u00f1aba como\nPolic\u00eda \u201cA\u201d de la 2\u00aa Compa\u00f1\u00eda del Sexto Batall\u00f3n, adscrito a la Direcci\u00f3n de\nReacci\u00f3n y Alerta Inmediata, con una antig\u00fcedad en la corporaci\u00f3n de nueve a\u00f1os\ndos meses.<\/p>\n\n\n\n<p>HAY DETENIDOS<\/p>\n\n\n\n<p>Asimismo, esta madrugada fueron\ndetenidos dos individuos, quienes fueron interceptados mientras se llevaban a\ncabo los operativos, cada uno portaba un arma de fuego y cartuchos \u00fatiles.<\/p>\n\n\n\n<p>Dichas personas fueron puestas a\ndisposici\u00f3n de la Fiscal\u00eda General del Estado, la cual abri\u00f3 una carpeta de\ninvestigaci\u00f3n para determinar responsabilidades y definir su probable\nparticipaci\u00f3n en los hechos.<\/p>\n\n\n\n<p>El Gobierno del Estado de Oaxaca, a\ntrav\u00e9s de la SSPO, lament\u00f3 el fallecimiento del polic\u00eda estatal y, ratific\u00f3 su\nrespaldo a familiares; as\u00ed como su apoyo en la recuperaci\u00f3n del hospitalizado. <\/p>\n\n\n\n<p>Expuso que en ambos casos, se ha\niniciado el acercamiento y acompa\u00f1amiento con las familias en estos dif\u00edciles\nmomentos.<\/p>\n","protected":false},"excerpt":{"rendered":"<p>Redacci\u00f3n\/Zona Roja. Oaxaca de Ju\u00e1rez, Oax. 12 de abril de 2020. La Secretar\u00eda de Seguridad&hellip;<\/p>\n","protected":false},"author":2,"featured_media":11040,"comment_status":"closed","ping_status":"open","sticky":false,"template":"","format":"standard","meta":{"_lmt_disableupdate":"","_lmt_disable":"","_jetpack_memberships_contains_paid_content":false,"footnotes":""},"categories":[109,47],"tags":[175],"class_list":["post-11038","post","type-post","status-publish","format-standard","has-post-thumbnail","hentry","category-minuto-a-minuto","category-zona-gris","tag-secretaria-de-seguridad-publica-de-oaxaca"],"jetpack_featured_media_url":"https:\/\/zonaroja.com.mx\/wp-content\/uploads\/2020\/04\/4e6aa3d1-7cfd-438c-9e41-739ac6f348c3.jpg","jetpack_sharing_enabled":true,"_links":{"self":[{"href":"https:\/\/zonaroja.com.mx\/index.php?rest_route=\/wp\/v2\/posts\/11038","targetHints":{"allow":["GET"]}}],"collection":[{"href":"https:\/\/zonaroja.com.mx\/index.php?rest_route=\/wp\/v2\/posts"}],"about":[{"href":"https:\/\/zonaroja.com.mx\/index.php?rest_route=\/wp\/v2\/types\/post"}],"author":[{"embeddable":true,"href":"https:\/\/zonaroja.com.mx\/index.php?rest_route=\/wp\/v2\/users\/2"}],"replies":[{"embeddable":true,"href":"https:\/\/zonaroja.com.mx\/index.php?rest_route=%2Fwp%2Fv2%2Fcomments&post=11038"}],"version-history":[{"count":1,"href":"https:\/\/zonaroja.com.mx\/index.php?rest_route=\/wp\/v2\/posts\/11038\/revisions"}],"predecessor-version":[{"id":11039,"href":"https:\/\/zonaroja.com.mx\/index.php?rest_route=\/wp\/v2\/posts\/11038\/revisions\/11039"}],"wp:featuredmedia":[{"embeddable":true,"href":"https:\/\/zonaroja.com.mx\/index.php?rest_route=\/wp\/v2\/media\/11040"}],"wp:attachment":[{"href":"https:\/\/zonaroja.com.mx\/index.php?rest_route=%2Fwp%2Fv2%2Fmedia&parent=11038"}],"wp:term":[{"taxonomy":"category","embeddable":true,"href":"https:\/\/zonaroja.com.mx\/index.php?rest_route=%2Fwp%2Fv2%2Fcategories&post=11038"},{"taxonomy":"post_tag","embeddable":true,"href":"https:\/\/zonaroja.com.mx\/index.php?rest_route=%2Fwp%2Fv2%2Ftags&post=11038"}],"curies":[{"name":"wp","href":"https:\/\/api.w.org\/{rel}","templated":true}]}}