{"id":11045,"date":"2020-04-13T07:17:55","date_gmt":"2020-04-13T12:17:55","guid":{"rendered":"http:\/\/www.zonaroja.com.mx\/?p=11045"},"modified":"2020-04-13T07:18:21","modified_gmt":"2020-04-13T12:18:21","slug":"matan-a-profesora-de-la-seccion-22-y-su-pareja-en-jamiltepec-oaxaca","status":"publish","type":"post","link":"https:\/\/zonaroja.com.mx\/?p=11045","title":{"rendered":"Matan a profesora de la Secci\u00f3n 22 y su pareja en Jamiltepec, Oaxaca"},"content":{"rendered":"\n<p>Redacci\u00f3n\/Zona Roja.<\/p>\n\n\n\n<p>Oaxaca de Ju\u00e1rez, Oax., 13 de abril de\n2020.- Una profesora de la Secci\u00f3n 22 del Sindicato Nacional de Trabajadores de\nla Educaci\u00f3n (SNTE) fue asesinada anoche junto con su pareja en R\u00edo Grande,\nVilla de Tututepec, Oaxaca.<\/p>\n\n\n\n<p>El propio magisterio dio a conocer el\ndoble crimen y exigi\u00f3 a las autoridades estatales una investigaci\u00f3n \u00e1gil y\ncastigo a los responsables.<\/p>\n\n\n\n<p>Se trata de Marisol Agustina Renter\u00eda\nLoaeza y de Reynaldo C., ultimados cuando transitaban a bordo de una\nmotocicleta a la altura del kil\u00f3metro 84 de la v\u00eda federal 200, en inmediaciones\ndel rancho Los Limones, R\u00edo Grande.<\/p>\n\n\n\n<p>Sujetos armados les dispararon de\nmanera directa y dieron muerte a ambos, tras lo cual huyeron.<\/p>\n\n\n\n<p>La profesora ten\u00eda 21 a\u00f1os de servicio\ny se desempe\u00f1aba en la escuela primaria \u201c21 de Marzo\u201d de R\u00edo Grande.<\/p>\n\n\n\n<p>\u201cLamentamos esta irreparable p\u00e9rdida y\nse\u00f1alamos que nuevamente la inseguridad y el alto grado de violencia que se\nvive en las regiones de nuestro estado provocan que la familia de nuestra\ncompa\u00f1era de lucha viva este momento dif\u00edcil en plena contingencia sanitaria.<\/p>\n\n\n\n<p>\u201cExigimos que la Fiscal\u00eda General del\nEstado el esclarecimiento de los hechos y que el proceso no quede archivado.\nExigimos justicia para nuestra compa\u00f1era y castigo a los responsables\u201d,\ndifundi\u00f3 la Secci\u00f3n 22 a trav\u00e9s de un comunicado.<\/p>\n","protected":false},"excerpt":{"rendered":"<p>Redacci\u00f3n\/Zona Roja. Oaxaca de Ju\u00e1rez, Oax., 13 de abril de 2020.- Una profesora de la&hellip;<\/p>\n","protected":false},"author":2,"featured_media":11046,"comment_status":"closed","ping_status":"open","sticky":false,"template":"","format":"standard","meta":{"_lmt_disableupdate":"","_lmt_disable":"","_jetpack_memberships_contains_paid_content":false,"footnotes":""},"categories":[109,51],"tags":[1612],"class_list":["post-11045","post","type-post","status-publish","format-standard","has-post-thumbnail","hentry","category-minuto-a-minuto","category-zona-roja","tag-asesinan-a-profesora-rio-grande"],"jetpack_featured_media_url":"https:\/\/zonaroja.com.mx\/wp-content\/uploads\/2020\/04\/0687e652-3e95-4da3-bb58-c6d2f7b267ec.jpg","jetpack_sharing_enabled":true,"_links":{"self":[{"href":"https:\/\/zonaroja.com.mx\/index.php?rest_route=\/wp\/v2\/posts\/11045","targetHints":{"allow":["GET"]}}],"collection":[{"href":"https:\/\/zonaroja.com.mx\/index.php?rest_route=\/wp\/v2\/posts"}],"about":[{"href":"https:\/\/zonaroja.com.mx\/index.php?rest_route=\/wp\/v2\/types\/post"}],"author":[{"embeddable":true,"href":"https:\/\/zonaroja.com.mx\/index.php?rest_route=\/wp\/v2\/users\/2"}],"replies":[{"embeddable":true,"href":"https:\/\/zonaroja.com.mx\/index.php?rest_route=%2Fwp%2Fv2%2Fcomments&post=11045"}],"version-history":[{"count":1,"href":"https:\/\/zonaroja.com.mx\/index.php?rest_route=\/wp\/v2\/posts\/11045\/revisions"}],"predecessor-version":[{"id":11047,"href":"https:\/\/zonaroja.com.mx\/index.php?rest_route=\/wp\/v2\/posts\/11045\/revisions\/11047"}],"wp:featuredmedia":[{"embeddable":true,"href":"https:\/\/zonaroja.com.mx\/index.php?rest_route=\/wp\/v2\/media\/11046"}],"wp:attachment":[{"href":"https:\/\/zonaroja.com.mx\/index.php?rest_route=%2Fwp%2Fv2%2Fmedia&parent=11045"}],"wp:term":[{"taxonomy":"category","embeddable":true,"href":"https:\/\/zonaroja.com.mx\/index.php?rest_route=%2Fwp%2Fv2%2Fcategories&post=11045"},{"taxonomy":"post_tag","embeddable":true,"href":"https:\/\/zonaroja.com.mx\/index.php?rest_route=%2Fwp%2Fv2%2Ftags&post=11045"}],"curies":[{"name":"wp","href":"https:\/\/api.w.org\/{rel}","templated":true}]}}