{"id":11056,"date":"2020-04-13T10:37:15","date_gmt":"2020-04-13T15:37:15","guid":{"rendered":"http:\/\/www.zonaroja.com.mx\/?p=11056"},"modified":"2020-04-13T10:37:17","modified_gmt":"2020-04-13T15:37:17","slug":"poder-judicial-va-hacia-una-justicia-mas-humana-eficiente-y-transparente","status":"publish","type":"post","link":"https:\/\/zonaroja.com.mx\/?p=11056","title":{"rendered":"Poder Judicial va hacia una justicia m\u00e1s humana, eficiente y transparente"},"content":{"rendered":"\n<p>Redacci\u00f3n\/Zona Roja.<\/p>\n\n\n\n<p>Oaxaca de Ju\u00e1rez, Oax., 13 de abril de\n2020.- El Poder Judicial del Estado (PJE) avanza hacia una justicia m\u00e1s humana,\neficiente y transparente, afirm\u00f3 el Magistrado Presidente, Eduardo Pinacho\nS\u00e1nchez al dar a conocer las nuevas acciones adoptadas en la instituci\u00f3n en\nMateria de Violencia de G\u00e9nero -ante la emergencia sanitaria por Covid-19- y\nque permiten una mejor atenci\u00f3n de los casos en este contexto.<\/p>\n\n\n\n<p>En un mensaje dirigido a la ciudadan\u00eda,\ntransmitido a trav\u00e9s de la Corporaci\u00f3n Oaxaque\u00f1a de Radio y Televisi\u00f3n (CORTV),\nenfatiz\u00f3 que la independencia y la divisi\u00f3n de poderes no suponen una relaci\u00f3n\nde distanciamiento, sino de colaboraci\u00f3n entre las instituciones fundamentales\ndel Estado, cuyas actuaciones deben orientarse en el sentido de satisfacer las\nnecesidades de la sociedad.<\/p>\n\n\n\n<p>Las medidas anunciadas son:<\/p>\n\n\n\n<p>1.- Para atender asuntos urgentes como\njuicios de alimentos, juicios relacionados con violencia contra la mujer,\nni\u00f1as, ni\u00f1os y adolescentes, separaci\u00f3n provisional de c\u00f3nyuges, guarda o\ncustodia de menores, \u00f3rdenes de protecci\u00f3n y de convivencia familiar, entre\notros, se mantendr\u00e1 personal de guardia f\u00edsica en cada uno de los juzgados en\nmateria familiar o juzgados mixtos que conozcan de la materia familiar, as\u00ed\ncomo en todos los \u00f3rganos administrativos dependientes del PJE.<\/p>\n\n\n\n<p>2.- En el caso de mujeres v\u00edctimas de\nviolencia deber\u00e1n canalizarse al Centro de Justicia para las Mujeres (CEJUM), a\nlos refugios o centros de atenci\u00f3n de v\u00edctimas pertenecientes a instituciones\np\u00fablicas u organizaciones civiles.<\/p>\n\n\n\n<p>3.- En Materia Penal deber\u00e1 darse\ncontinuidad a las funciones de los Juzgados de Control en aquellos casos que se\nconsideren urgentes, entre ellos los relacionados con violencia de g\u00e9nero; las\naudiencias urgentes para el libramiento de \u00f3rdenes de aprehensi\u00f3n, cateos y\ncontroles de detenci\u00f3n, podr\u00e1n realizarse a trav\u00e9s de las plataformas zoom o\nskipe.<\/p>\n\n\n\n<p>4.- Se establece como l\u00ednea de atenci\u00f3n\nadicional el n\u00famero 800 719 22 32 a la que podr\u00e1 acudirse para lograr que\nact\u00faen los \u00f3rganos jurisdiccionales o administrativos que corresponda, as\u00ed como\nobtener informaci\u00f3n de los servicios que se mantienen.<\/p>\n\n\n\n<p>5.- Para fortalecer una comunicaci\u00f3n\nefectiva con las organizaciones civiles involucradas en la protecci\u00f3n de\nmujeres y ni\u00f1as en situaci\u00f3n de violencia, se instruye al titular de la\nDirecci\u00f3n de Derechos Humanos del Consejo de la Judicatura, que establezca una\nadecuada interlocuci\u00f3n que lleve a una actuaci\u00f3n conjunta y arm\u00f3nica con dichas\norganizaciones.<\/p>\n\n\n\n<p>Durante el anuncio, el Magistrado\nPinacho S\u00e1nchez destac\u00f3 que el PJE coincide con la propuesta planteada por el\nGobernador del Estado el 7 de abril de este a\u00f1o; por lo cual, magistradas,\nmagistrados, consejera y consejeros, juezas y jueces respaldan esta iniciativa\ny en un ejercicio de responsabilidad, de justicia, solidaridad y amor y jueces\nrespaldan esta iniciativa y en un ejercicio de responsabilidad, de justicia,\nsolidaridad y amor por Oaxaca, decidieron voluntariamente aportar el 10% de su\nsueldo durante los siguientes tres meses.<\/p>\n\n\n\n<p>El mensaje \u00edntegro del titular del\nPoder Judicial del Estado se puede consultar en la liga:\nhttps:\/\/www.youtube.com\/watch?v=cuqSeDTGYQo y en las redes sociales de la\ninstituci\u00f3n en twitter: @tsjoaxaca y en Facebook: @TSJOAX.<\/p>\n","protected":false},"excerpt":{"rendered":"<p>Redacci\u00f3n\/Zona Roja. Oaxaca de Ju\u00e1rez, Oax., 13 de abril de 2020.- El Poder Judicial del&hellip;<\/p>\n","protected":false},"author":2,"featured_media":10942,"comment_status":"closed","ping_status":"open","sticky":false,"template":"","format":"standard","meta":{"_lmt_disableupdate":"","_lmt_disable":"","_jetpack_memberships_contains_paid_content":false,"footnotes":""},"categories":[109,46],"tags":[1369],"class_list":["post-11056","post","type-post","status-publish","format-standard","has-post-thumbnail","hentry","category-minuto-a-minuto","category-zona-blanca","tag-tribunal-superior-de-justicia-de-oaxacatsejo"],"jetpack_featured_media_url":"https:\/\/zonaroja.com.mx\/wp-content\/uploads\/2020\/04\/d3337bb4-6bfb-424f-9d3d-b99deb4d7e6f.jpg","jetpack_sharing_enabled":true,"_links":{"self":[{"href":"https:\/\/zonaroja.com.mx\/index.php?rest_route=\/wp\/v2\/posts\/11056","targetHints":{"allow":["GET"]}}],"collection":[{"href":"https:\/\/zonaroja.com.mx\/index.php?rest_route=\/wp\/v2\/posts"}],"about":[{"href":"https:\/\/zonaroja.com.mx\/index.php?rest_route=\/wp\/v2\/types\/post"}],"author":[{"embeddable":true,"href":"https:\/\/zonaroja.com.mx\/index.php?rest_route=\/wp\/v2\/users\/2"}],"replies":[{"embeddable":true,"href":"https:\/\/zonaroja.com.mx\/index.php?rest_route=%2Fwp%2Fv2%2Fcomments&post=11056"}],"version-history":[{"count":1,"href":"https:\/\/zonaroja.com.mx\/index.php?rest_route=\/wp\/v2\/posts\/11056\/revisions"}],"predecessor-version":[{"id":11057,"href":"https:\/\/zonaroja.com.mx\/index.php?rest_route=\/wp\/v2\/posts\/11056\/revisions\/11057"}],"wp:featuredmedia":[{"embeddable":true,"href":"https:\/\/zonaroja.com.mx\/index.php?rest_route=\/wp\/v2\/media\/10942"}],"wp:attachment":[{"href":"https:\/\/zonaroja.com.mx\/index.php?rest_route=%2Fwp%2Fv2%2Fmedia&parent=11056"}],"wp:term":[{"taxonomy":"category","embeddable":true,"href":"https:\/\/zonaroja.com.mx\/index.php?rest_route=%2Fwp%2Fv2%2Fcategories&post=11056"},{"taxonomy":"post_tag","embeddable":true,"href":"https:\/\/zonaroja.com.mx\/index.php?rest_route=%2Fwp%2Fv2%2Ftags&post=11056"}],"curies":[{"name":"wp","href":"https:\/\/api.w.org\/{rel}","templated":true}]}}