{"id":11061,"date":"2020-04-13T13:58:01","date_gmt":"2020-04-13T18:58:01","guid":{"rendered":"http:\/\/www.zonaroja.com.mx\/?p=11061"},"modified":"2020-04-13T13:58:06","modified_gmt":"2020-04-13T18:58:06","slug":"detienen-en-edomex-a-presunto-asesino-de-cirilo-hijo-de-reportero-en-la-cuenca","status":"publish","type":"post","link":"https:\/\/zonaroja.com.mx\/?p=11061","title":{"rendered":"Detienen en Edomex a presunto asesino de Cirilo, hijo de reportero en la Cuenca"},"content":{"rendered":"\n<p>Yuridiana Sosa\/Zona Roja.<\/p>\n\n\n\n<p>Oaxaca de Ju\u00e1rez, Oax., 13 de abril de\n2020.- El presunto asesino de Cirilo Carrera, hijo de Ferm\u00edn Carrera, comunicador\nen la regi\u00f3n de la Cuenca, fue detenido este fin de semana por elementos del\nEstado de M\u00e9xico y trasladado a Oaxaca, donde la Fiscal\u00eda General del Estado\nmanten\u00eda pendiente una orden de aprehensi\u00f3n por dicho delito.<\/p>\n\n\n\n<p>El reportero notific\u00f3 el hecho a trav\u00e9s\nde su cuenta personal en Facebook, donde exigi\u00f3 justicia por el crimen contra\nsu hijo, ocurrido el pasado 20 de noviembre en San Miguel Soyaltepec.<\/p>\n\n\n\n<p>Filiberto H. B. alias \u201cEl Chiringuito\u201d\nfue detenido por otro delito en Nextlalpan, Estado de M\u00e9xico, pero trasladado a\nesta entidad por la Fiscal\u00eda General de Oaxaca para llevar a cabo el debido\nproceso por el asesinato de Cirilo Carrera.<\/p>\n\n\n\n<p>\u201cInmediatamente fui informado de su\ndetenci\u00f3n y mi familia r\u00e1pidamente inform\u00f3 a su vez a la Fiscal\u00eda General de\nOaxaca por lo que los agentes de la Fiscal\u00eda fueron por \u00e9l y ya lo tienen en\nOaxaca\u201d, indic\u00f3 el reportero.<\/p>\n\n\n\n<p>Ferm\u00edn Carrera se\u00f1al\u00f3 a Filiberto como\nasesino confeso por la muerte de su hijo; record\u00f3 que \u201cal d\u00eda siguiente (del\nataque armado) me mand\u00f3 mensajes dici\u00e9ndome, c\u00ednicamente, que hab\u00eda sido un\naccidente\u00bb. Adem\u00e1s, ofreci\u00f3 dinero por retirar la denuncia presentada a la\nFGO, despu\u00e9s huy\u00f3 de la localidad ubicada en la regi\u00f3n de la Cuenca.<\/p>\n\n\n\n<p>\u201cAhora s\u00f3lo esperemos que el juez\ncorrespondiente aplique todo el peso de la justicia, las leyes respectivas y no\nse corrompa\u201d, mencion\u00f3 el padre de la v\u00edctima.<\/p>\n\n\n\n<p>Cirilo Carrera fue atacado el 20 de\nnoviembre de 2019, en la zona centro de San Miguel Soyaltepec, presuntamente\npor Filiberto H. B. quien le dispar\u00f3 con una escopeta sin motivo, y falleci\u00f3\npor las graves heridas al d\u00eda siguiente.<\/p>\n\n\n\n<p>Minutos despu\u00e9s de ser herido, el hijo\ndel reportero logr\u00f3 llamar a sus familiares para identificar a su agresor.<\/p>\n","protected":false},"excerpt":{"rendered":"<p>Yuridiana Sosa\/Zona Roja. Oaxaca de Ju\u00e1rez, Oax., 13 de abril de 2020.- El presunto asesino&hellip;<\/p>\n","protected":false},"author":2,"featured_media":8233,"comment_status":"closed","ping_status":"open","sticky":false,"template":"","format":"standard","meta":{"_lmt_disableupdate":"","_lmt_disable":"","_jetpack_memberships_contains_paid_content":false,"footnotes":""},"categories":[109,47],"tags":[1038,1306],"class_list":["post-11061","post","type-post","status-publish","format-standard","has-post-thumbnail","hentry","category-minuto-a-minuto","category-zona-gris","tag-cirilo-carrera","tag-temascal-san-miguel-soyaltepec"],"jetpack_featured_media_url":"https:\/\/zonaroja.com.mx\/wp-content\/uploads\/2020\/01\/Cirilo-Carrera.jpg","jetpack_sharing_enabled":true,"_links":{"self":[{"href":"https:\/\/zonaroja.com.mx\/index.php?rest_route=\/wp\/v2\/posts\/11061","targetHints":{"allow":["GET"]}}],"collection":[{"href":"https:\/\/zonaroja.com.mx\/index.php?rest_route=\/wp\/v2\/posts"}],"about":[{"href":"https:\/\/zonaroja.com.mx\/index.php?rest_route=\/wp\/v2\/types\/post"}],"author":[{"embeddable":true,"href":"https:\/\/zonaroja.com.mx\/index.php?rest_route=\/wp\/v2\/users\/2"}],"replies":[{"embeddable":true,"href":"https:\/\/zonaroja.com.mx\/index.php?rest_route=%2Fwp%2Fv2%2Fcomments&post=11061"}],"version-history":[{"count":1,"href":"https:\/\/zonaroja.com.mx\/index.php?rest_route=\/wp\/v2\/posts\/11061\/revisions"}],"predecessor-version":[{"id":11062,"href":"https:\/\/zonaroja.com.mx\/index.php?rest_route=\/wp\/v2\/posts\/11061\/revisions\/11062"}],"wp:featuredmedia":[{"embeddable":true,"href":"https:\/\/zonaroja.com.mx\/index.php?rest_route=\/wp\/v2\/media\/8233"}],"wp:attachment":[{"href":"https:\/\/zonaroja.com.mx\/index.php?rest_route=%2Fwp%2Fv2%2Fmedia&parent=11061"}],"wp:term":[{"taxonomy":"category","embeddable":true,"href":"https:\/\/zonaroja.com.mx\/index.php?rest_route=%2Fwp%2Fv2%2Fcategories&post=11061"},{"taxonomy":"post_tag","embeddable":true,"href":"https:\/\/zonaroja.com.mx\/index.php?rest_route=%2Fwp%2Fv2%2Ftags&post=11061"}],"curies":[{"name":"wp","href":"https:\/\/api.w.org\/{rel}","templated":true}]}}