{"id":11069,"date":"2020-04-13T17:50:06","date_gmt":"2020-04-13T22:50:06","guid":{"rendered":"http:\/\/www.zonaroja.com.mx\/?p=11069"},"modified":"2020-04-13T18:02:56","modified_gmt":"2020-04-13T23:02:56","slug":"llega-el-coronavirus-a-reclusorio-federal-de-miahuatlan-aislan-a-una","status":"publish","type":"post","link":"https:\/\/zonaroja.com.mx\/?p=11069","title":{"rendered":"Llega el coronavirus a reclusorio federal de Miahuatl\u00e1n; a\u00edslan a una"},"content":{"rendered":"\n<p>Yuridiana Sosa\/Zona Roja.<\/p>\n\n\n\n<p>Oaxaca de Ju\u00e1rez, Oax., 13 de abril de\n2020.- Una mujer polic\u00eda, elemento del Servicio de Protecci\u00f3n Federal del\nCentro de Reinserci\u00f3n Social n\u00famero 13, en Miahuatl\u00e1n de Porfirio D\u00edaz, Oaxaca,\nfue aislada provisionalmente en una garita del penal por presentar s\u00edntomas\nsospechosos al Covid-19.<\/p>\n\n\n\n<p>El caso se registr\u00f3 este fin de semana,\ncuando la elemento identificada como I.J.M. present\u00f3 malestares relacionados al\ncoronavirus, por lo que fue trasladada a bordo de una patrulla al Hospital\nRegional del ISSSTE \u201cPresidente Ju\u00e1rez\u201d, en la capital del estado, indic\u00f3 el\nreporte oficial.<\/p>\n\n\n\n<p>La polic\u00eda del Servicio Penitenciario\nfue diagnosticada como caso sospechoso de Covid-19, motivo por el que le\notorgaron licencia m\u00e9dica por ocho d\u00edas a partir del 11 de abril, en tanto le\nrealizan las pruebas correspondientes para conformar o descartar el virus.<\/p>\n\n\n\n<p>Durante el receso laboral, la polic\u00eda\nfue enviada a aislamiento el \u00e1rea de garita por el inspector L. A. C. G; en esa\n\u00e1rea tambi\u00e9n se encuentran tres integrantes m\u00e1s del Servicio de Protecci\u00f3n\nFederal, de quienes se omitieron detalles de su estado de salud, es decir, si\nest\u00e1n sanos o tambi\u00e9n son sospechosos.<\/p>\n\n\n\n<p>El ISSSTE se comprometi\u00f3 a asistir este\n12 de abril a las instalaciones del penal a tomar la muestra para laboratorio a\nla polic\u00eda sospechosa de portar el virus, detall\u00f3 el informe.<\/p>\n\n\n\n<p>Por este caso, ya se manifiesta\nincertidumbre entre el resto del personal penitenciario y administrativo que\ntuvieron convivencia con la elemento, as\u00ed como por la salud de los detenidos.<\/p>\n\n\n\n<p>Al momento de la atenci\u00f3n m\u00e9dica la\npolic\u00eda present\u00f3 dolores de cabeza, cuerpo cortado, flujo nasal y dolor de\nojos. Se preve\u00eda trasladarla al estado de Puebla, donde es originaria I. J. M. <\/p>\n","protected":false},"excerpt":{"rendered":"<p>Yuridiana Sosa\/Zona Roja. Oaxaca de Ju\u00e1rez, Oax., 13 de abril de 2020.- Una mujer polic\u00eda,&hellip;<\/p>\n","protected":false},"author":2,"featured_media":11070,"comment_status":"closed","ping_status":"open","sticky":false,"template":"","format":"standard","meta":{"_lmt_disableupdate":"","_lmt_disable":"","_jetpack_memberships_contains_paid_content":false,"footnotes":""},"categories":[109,47],"tags":[1614],"class_list":["post-11069","post","type-post","status-publish","format-standard","has-post-thumbnail","hentry","category-minuto-a-minuto","category-zona-gris","tag-cefereso-miahutlan"],"jetpack_featured_media_url":"https:\/\/zonaroja.com.mx\/wp-content\/uploads\/2020\/04\/Cefereso-Miahuatl\u00e1n.jpg","jetpack_sharing_enabled":true,"_links":{"self":[{"href":"https:\/\/zonaroja.com.mx\/index.php?rest_route=\/wp\/v2\/posts\/11069","targetHints":{"allow":["GET"]}}],"collection":[{"href":"https:\/\/zonaroja.com.mx\/index.php?rest_route=\/wp\/v2\/posts"}],"about":[{"href":"https:\/\/zonaroja.com.mx\/index.php?rest_route=\/wp\/v2\/types\/post"}],"author":[{"embeddable":true,"href":"https:\/\/zonaroja.com.mx\/index.php?rest_route=\/wp\/v2\/users\/2"}],"replies":[{"embeddable":true,"href":"https:\/\/zonaroja.com.mx\/index.php?rest_route=%2Fwp%2Fv2%2Fcomments&post=11069"}],"version-history":[{"count":1,"href":"https:\/\/zonaroja.com.mx\/index.php?rest_route=\/wp\/v2\/posts\/11069\/revisions"}],"predecessor-version":[{"id":11071,"href":"https:\/\/zonaroja.com.mx\/index.php?rest_route=\/wp\/v2\/posts\/11069\/revisions\/11071"}],"wp:featuredmedia":[{"embeddable":true,"href":"https:\/\/zonaroja.com.mx\/index.php?rest_route=\/wp\/v2\/media\/11070"}],"wp:attachment":[{"href":"https:\/\/zonaroja.com.mx\/index.php?rest_route=%2Fwp%2Fv2%2Fmedia&parent=11069"}],"wp:term":[{"taxonomy":"category","embeddable":true,"href":"https:\/\/zonaroja.com.mx\/index.php?rest_route=%2Fwp%2Fv2%2Fcategories&post=11069"},{"taxonomy":"post_tag","embeddable":true,"href":"https:\/\/zonaroja.com.mx\/index.php?rest_route=%2Fwp%2Fv2%2Ftags&post=11069"}],"curies":[{"name":"wp","href":"https:\/\/api.w.org\/{rel}","templated":true}]}}