{"id":11072,"date":"2020-04-14T06:08:16","date_gmt":"2020-04-14T11:08:16","guid":{"rendered":"http:\/\/www.zonaroja.com.mx\/?p=11072"},"modified":"2020-04-14T06:08:23","modified_gmt":"2020-04-14T11:08:23","slug":"que-no-hubo-robo-de-equipos-en-hospital-civil-dr-aurelio-valdivieso","status":"publish","type":"post","link":"https:\/\/zonaroja.com.mx\/?p=11072","title":{"rendered":"Que no hubo robo de equipos en Hospital Civil \u201cDr. Aurelio Valdivieso\u201d"},"content":{"rendered":"\n<p>Redacci\u00f3n\/Zona Roja.<\/p>\n\n\n\n<p>Oaxaca de Ju\u00e1rez, Oax., 13 de abril de 2020.- La dirigencia de la Subsecci\u00f3n 07, dependiente de la Secci\u00f3n 35 del Sindicato de Trabajadores de la Secretar\u00eda de Salud, as\u00ed como la direcci\u00f3n del nosocomio, rechazaron que se haya cometido en el Hospital Civil \u201cDr. Aurelio Valdivieso\u201d un robo de equipos e insumos para combatir el coronavirus.<\/p>\n\n\n\n<p>En comunicado, a trav\u00e9s de redes sociales y en diversas declaraciones, su representante, Alberto V\u00e1squez San Germ\u00e1n, desminti\u00f3 el presunto hurto que denunci\u00f3 el gobernador Alejandro Murat Hinojosa en una entrevista radiof\u00f3nica de la capital oaxaque\u00f1a.<\/p>\n\n\n\n<p>En tanto, fuentes de los Servicios de Salud de Oaxaca (SSO) confirmaron que fue el subdirector de la dependencia, Juan Carlos M\u00e1rquez Heine, quien inform\u00f3 al mandatario del robo de equipos e insumos.<\/p>\n\n\n\n<p>\u201cQuiso quedar bien con el gobernador y dejar en mal a la administraci\u00f3n que encabeza Donato Casas Escamilla, actual titular de la Secretar\u00eda de Salud, ya que como todos sabemos aspira a ocupar el cargo. Ahora, su arrebato y ambici\u00f3n provoc\u00f3 que el Ejecutivo quedar\u00e1 mal y con problemas con los propios trabajadores de la salud, quienes est\u00e1n combatiendo la pandemia\u201d, se\u00f1alaron.<\/p>\n\n\n\n<p>REPROCHA SINDICATO<\/p>\n\n\n\n<p>\u201cNosotros no podemos ser nuestros propios enemigos: y esto es v\u00e1lido, pero cuando sin pruebas se lanzan acusaciones que ponen en tela de juicio la honestidad y honorabilidad de los trabajadores del Hospital General, hoy ocupados en enfrentar la pandemia, sin las garant\u00edas de prestaci\u00f3n que la ley obliga al Estado a proporcionarlos; quien acusa, debe probar, y esto se impone cuando se dice que en este hospital, se han robado 20 equipos de protecci\u00f3n contra el Covid-19.<\/p>\n\n\n\n<p>\u201cEs absolutamente lamentable e irresponsable que sea la propia autoridad m\u00e1s alta en nuestro estado la que se encargue de encabezar una campa\u00f1a de difamaci\u00f3n y linchamiento social en contra de los trabajadores de la salud\u201d, expuso V\u00e1squez San Germ\u00e1n.<\/p>\n\n\n\n<p>TAMBI\u00c9N DIRECTOR<\/p>\n\n\n\n<p>Por su parte, el director del nosocomio ubicado en la ciudad de Oaxaca, Ernesto Garz\u00f3n S\u00e1nchez, tambi\u00e9n reproch\u00f3 las acusaciones a trav\u00e9s de diversos medios informativos con respecto a las declaraciones de Murat Hinojosa.<\/p>\n\n\n\n<p>\u201cMe permito informar a las autoridades correspondientes, a la base trabajadora de esta Unidad Hospitalaria y a la sociedad en general que es una nota totalmente falsa y sin sustento ya que hasta el momento no se ha efectuado robo alguno de equipo m\u00e9dico en ninguno de los servicios hospitalarios, por lo tanto, desconocemos el origen de esta informaci\u00f3n\u201d, dijo en un comunicado.<\/p>\n\n\n\n<p>\u201cCabe mencionar que el personal del \u00e1rea de Epidemiologia, enfermer\u00eda y las propias autoridades del Hospital llevamos un estricto control de la entradas y salidas del hospital y no se han detectado anomal\u00edas, por lo tanto elevamos nuestra m\u00e1s en\u00e9rgica protesta por estas declaraciones que ponen en entredicho la honorabilidad de los trabajadores de este Centro Hospitalario.<\/p>\n\n\n\n<p>\u201cAclarando que la base trabajadora se siente ofendida manifestando que se reservan su derecho a manifestarse en contra de estas irresponsables aseveraciones m\u00e1xime cuando supuestamente son vertidas por la m\u00e1xima autoridad de nuestro estado\u201d, expuso.<\/p>\n","protected":false},"excerpt":{"rendered":"<p>Redacci\u00f3n\/Zona Roja. Oaxaca de Ju\u00e1rez, Oax., 13 de abril de 2020.- La dirigencia de la&hellip;<\/p>\n","protected":false},"author":2,"featured_media":11073,"comment_status":"closed","ping_status":"open","sticky":false,"template":"","format":"standard","meta":{"_lmt_disableupdate":"","_lmt_disable":"","_jetpack_memberships_contains_paid_content":false,"footnotes":""},"categories":[109,47],"tags":[781],"class_list":["post-11072","post","type-post","status-publish","format-standard","has-post-thumbnail","hentry","category-minuto-a-minuto","category-zona-gris","tag-hospital-civil-dr-aurelio-valdivieso-de-oaxaca"],"jetpack_featured_media_url":"https:\/\/zonaroja.com.mx\/wp-content\/uploads\/2020\/04\/Juan-Carlos-M\u00e1rquez-Heine.jpg","jetpack_sharing_enabled":true,"_links":{"self":[{"href":"https:\/\/zonaroja.com.mx\/index.php?rest_route=\/wp\/v2\/posts\/11072","targetHints":{"allow":["GET"]}}],"collection":[{"href":"https:\/\/zonaroja.com.mx\/index.php?rest_route=\/wp\/v2\/posts"}],"about":[{"href":"https:\/\/zonaroja.com.mx\/index.php?rest_route=\/wp\/v2\/types\/post"}],"author":[{"embeddable":true,"href":"https:\/\/zonaroja.com.mx\/index.php?rest_route=\/wp\/v2\/users\/2"}],"replies":[{"embeddable":true,"href":"https:\/\/zonaroja.com.mx\/index.php?rest_route=%2Fwp%2Fv2%2Fcomments&post=11072"}],"version-history":[{"count":1,"href":"https:\/\/zonaroja.com.mx\/index.php?rest_route=\/wp\/v2\/posts\/11072\/revisions"}],"predecessor-version":[{"id":11074,"href":"https:\/\/zonaroja.com.mx\/index.php?rest_route=\/wp\/v2\/posts\/11072\/revisions\/11074"}],"wp:featuredmedia":[{"embeddable":true,"href":"https:\/\/zonaroja.com.mx\/index.php?rest_route=\/wp\/v2\/media\/11073"}],"wp:attachment":[{"href":"https:\/\/zonaroja.com.mx\/index.php?rest_route=%2Fwp%2Fv2%2Fmedia&parent=11072"}],"wp:term":[{"taxonomy":"category","embeddable":true,"href":"https:\/\/zonaroja.com.mx\/index.php?rest_route=%2Fwp%2Fv2%2Fcategories&post=11072"},{"taxonomy":"post_tag","embeddable":true,"href":"https:\/\/zonaroja.com.mx\/index.php?rest_route=%2Fwp%2Fv2%2Ftags&post=11072"}],"curies":[{"name":"wp","href":"https:\/\/api.w.org\/{rel}","templated":true}]}}