{"id":11075,"date":"2020-04-14T06:58:52","date_gmt":"2020-04-14T11:58:52","guid":{"rendered":"http:\/\/www.zonaroja.com.mx\/?p=11075"},"modified":"2020-04-14T06:58:55","modified_gmt":"2020-04-14T11:58:55","slug":"en-huajuapan-el-cuarto-fallecimiento-por-covid-19-en-oaxaca","status":"publish","type":"post","link":"https:\/\/zonaroja.com.mx\/?p=11075","title":{"rendered":"En Huajuapan, el cuarto fallecimiento por Covid-19 en Oaxaca"},"content":{"rendered":"\n<p>Redacci\u00f3n\/Zona Roja.<\/p>\n\n\n\n<p>Oaxaca de Ju\u00e1rez, Oax., 13 de abril de 2020.- Los Servicios de Salud de Oaxaca (SSO) confirmaron la cuarta defunci\u00f3n por Covid-19; se trata de un masculino de 67 a\u00f1os de edad, originario de Tlaxcuapan, Puebla, que fue trasladado a Huajuapan de Le\u00f3n, donde falleci\u00f3.<\/p>\n\n\n\n<p>En un comunicado, explic\u00f3 que el paciente fue referido de una unidad hospitalaria de Acatl\u00e1n de Osorio, Puebla, a una cl\u00ednica privada de la regi\u00f3n Mixteca, donde lleg\u00f3 en estado cr\u00edtico y desafortunadamente, a pensar de los esfuerzos del personal m\u00e9dico, el paciente perdi\u00f3 la vida. La prueba de Covid-19 posmorten dio positiva al virus.<\/p>\n\n\n\n<p>Este caso \u2013dijo- se suma a las tres muertes por esta enfermedad que se han registrado en la entidad: dos en la Jurisdicci\u00f3n Sanitaria de&nbsp; Valles Centrales y uno en la Costa.<\/p>\n\n\n\n<p>Indic\u00f3 que en la presentaci\u00f3n del informe t\u00e9cnico sobre el avance de la epidemia en Oaxaca, hasta este lunes 13 de abril se tienen contabilizadas 421 notificaciones, de las cuales 44 personas han dado positivo al contagio, 320 son negativos y se tiene en laboratorio 57 muestras para su an\u00e1lisis.<\/p>\n\n\n\n<p>Se\u00f1al\u00f3 que de los 44 pacientes positivos a COVID-19 en el estado, 26 se han recuperado de la enfermedad, tras estar en aislamiento por 14 d\u00edas; sin embargo las personas deben seguir manteniendo las acciones de Sana Distancia.<\/p>\n\n\n\n<p>Puntualiz\u00f3 que del total de los contagios, la regi\u00f3n de los Valles Centrales sigue siendo la zona m\u00e1s afectada con 34 casos, le siguen la Mixteca con cuatro, dos en el Istmo de Tehuantepec e igual n\u00famero en la Costa, as\u00ed como uno en la Sierra Norte y en Tuxtepec.<\/p>\n","protected":false},"excerpt":{"rendered":"<p>Redacci\u00f3n\/Zona Roja. Oaxaca de Ju\u00e1rez, Oax., 13 de abril de 2020.- Los Servicios de Salud&hellip;<\/p>\n","protected":false},"author":2,"featured_media":11076,"comment_status":"closed","ping_status":"open","sticky":false,"template":"","format":"standard","meta":{"_lmt_disableupdate":"","_lmt_disable":"","_jetpack_memberships_contains_paid_content":false,"footnotes":""},"categories":[109,47],"tags":[1512],"class_list":["post-11075","post","type-post","status-publish","format-standard","has-post-thumbnail","hentry","category-minuto-a-minuto","category-zona-gris","tag-coronavirus-oaxaca"],"jetpack_featured_media_url":"https:\/\/zonaroja.com.mx\/wp-content\/uploads\/2020\/04\/Coronavirus-datos.jpg","jetpack_sharing_enabled":true,"_links":{"self":[{"href":"https:\/\/zonaroja.com.mx\/index.php?rest_route=\/wp\/v2\/posts\/11075","targetHints":{"allow":["GET"]}}],"collection":[{"href":"https:\/\/zonaroja.com.mx\/index.php?rest_route=\/wp\/v2\/posts"}],"about":[{"href":"https:\/\/zonaroja.com.mx\/index.php?rest_route=\/wp\/v2\/types\/post"}],"author":[{"embeddable":true,"href":"https:\/\/zonaroja.com.mx\/index.php?rest_route=\/wp\/v2\/users\/2"}],"replies":[{"embeddable":true,"href":"https:\/\/zonaroja.com.mx\/index.php?rest_route=%2Fwp%2Fv2%2Fcomments&post=11075"}],"version-history":[{"count":1,"href":"https:\/\/zonaroja.com.mx\/index.php?rest_route=\/wp\/v2\/posts\/11075\/revisions"}],"predecessor-version":[{"id":11077,"href":"https:\/\/zonaroja.com.mx\/index.php?rest_route=\/wp\/v2\/posts\/11075\/revisions\/11077"}],"wp:featuredmedia":[{"embeddable":true,"href":"https:\/\/zonaroja.com.mx\/index.php?rest_route=\/wp\/v2\/media\/11076"}],"wp:attachment":[{"href":"https:\/\/zonaroja.com.mx\/index.php?rest_route=%2Fwp%2Fv2%2Fmedia&parent=11075"}],"wp:term":[{"taxonomy":"category","embeddable":true,"href":"https:\/\/zonaroja.com.mx\/index.php?rest_route=%2Fwp%2Fv2%2Fcategories&post=11075"},{"taxonomy":"post_tag","embeddable":true,"href":"https:\/\/zonaroja.com.mx\/index.php?rest_route=%2Fwp%2Fv2%2Ftags&post=11075"}],"curies":[{"name":"wp","href":"https:\/\/api.w.org\/{rel}","templated":true}]}}