{"id":11078,"date":"2020-04-14T07:04:10","date_gmt":"2020-04-14T12:04:10","guid":{"rendered":"http:\/\/www.zonaroja.com.mx\/?p=11078"},"modified":"2020-04-14T07:04:12","modified_gmt":"2020-04-14T12:04:12","slug":"rogaciano-martinez-orozco-presente-a-una-voz-la-honra-al-policia-caido","status":"publish","type":"post","link":"https:\/\/zonaroja.com.mx\/?p=11078","title":{"rendered":"\u00a1Rogaciano Mart\u00ednez Orozco! \u00a1Presente! A una voz, la honra al polic\u00eda ca\u00eddo"},"content":{"rendered":"\n<p>Evlin Arag\u00f3n\/Zona Roja.<\/p>\n\n\n\n<p>Oaxaca de Ju\u00e1rez, Oax., 13 de abril de 2020.- La pandemia del coronavirus no impidi\u00f3 un grito al un\u00edsono: \u00a1Rogaciano Mart\u00ednez Orozco! \u00a1Presente!<\/p>\n\n\n\n<p>Este domingo se efectu\u00f3 el sepelio del polic\u00eda abatido el s\u00e1bado por la noche en San Jacinto Amilpas. Muri\u00f3 en cumplimiento de su deber.<\/p>\n\n\n\n<p>\u201cEs un d\u00eda triste para la Polic\u00eda Estatal, con profundo pesar despedimos al polic\u00eda segundo Rogaciano Mart\u00ednez Orozco\u201d, fueron algunas de las sentidas palabras emitidas en el homenaje p\u00f3stumo al oficial ca\u00eddo.<\/p>\n\n\n\n<p>Con cubrebocas y respetando la sana distancia, elementos de la Secretar\u00eda de Seguridad P\u00fablica de Oaxaca y de la Polic\u00eda Estatal arribaron al domicilio -a\u00fan en obra negra donde se velaba el cuerpo- para realizar los honores de su compa\u00f1ero que con nueve a\u00f1os y un mes de servicio, muri\u00f3 realizando su labor y en combate a la inseguridad.<\/p>\n\n\n\n<p>&#8211;\u00a1Rogaciano Mart\u00ednez Orozco! \u00a1Presente!<\/p>\n\n\n\n<p>&#8211;\u00a1Rogaciano Mart\u00ednez Orozco! \u00a1Presente!<\/p>\n\n\n\n<p>&#8211;\u00a1Rogaciano Mart\u00ednez Orozco! \u00a1Presente!<\/p>\n\n\n\n<figure class=\"wp-block-embed-twitter wp-block-embed is-type-rich is-provider-twitter\"><div class=\"wp-block-embed__wrapper\">\n<div class=\"twitter-tweet\"><blockquote class=\"twitter-tweet\" data-lang=\"es\"><p lang=\"es\" dir=\"ltr\">\u00a1Rogaciano Mart\u00ednez Orozco! \u00a1Presente! <br><br>\u00a1Rogaciano Mart\u00ednez Orozco! \u00a1Presente! <br><br>\u00a1Rogaciano Mart\u00ednez Orozco! \u00a1Presente! <br><br>As\u00ed fue ayer el homenaje  al elemento de la Polic\u00eda Estatal de <a href=\"https:\/\/twitter.com\/hashtag\/Oaxaca?src=hash&amp;ref_src=twsrc%5Etfw\">#Oaxaca<\/a> ca\u00eddo en el cumplimiento de su deber. <a href=\"https:\/\/t.co\/cWBTlU33MX\">pic.twitter.com\/cWBTlU33MX<\/a><\/p>&mdash; Zona Roja Oaxaca (@MexRoja) <a href=\"https:\/\/twitter.com\/MexRoja\/status\/1249685988432998403?ref_src=twsrc%5Etfw\">13 de abril de 2020<\/a><\/blockquote><\/div>\n<\/div><\/figure>\n\n\n\n<p>Se grit\u00f3 fuerte y claro, mientras que al fondo se escuchaba el lamento de familiares del polic\u00eda ca\u00eddo.<\/p>\n\n\n\n<p>Al exterior de la vivienda fueron lanzadas las salvas de honor correspondientes, por parte de dos elementos de fuerzas de seguridad estatal, seguido del toque de silencio tal y como lo marca el protocolo para despedir a quienes mueren en cumplimiento de su deber.<\/p>\n\n\n\n<p>Francisco Santiago Jos\u00e9, comisionado de la Polic\u00eda Estatal, asegur\u00f3 que el trabajo diario de los polic\u00edas &nbsp;es de riesgo constante, sin embargo siempre ser\u00e1 triste y lamentable la p\u00e9rdida de alg\u00fan elemento que haya demostrado valor y hero\u00edsmo.<\/p>\n\n\n\n<p>\u201cEl compa\u00f1ero Rogaciano demostr\u00f3 hasta el \u00faltimo momento el alto honor y valor para perseguir a los delincuentes la cual es nuestra misi\u00f3n\u201d, dijo el funcionario a nombre del titular de la Secretar\u00eda de Seguridad P\u00fablica.<\/p>\n\n\n\n<p>As\u00ed mismo, indic\u00f3 que la familia contar\u00e1 con el respaldo de la instituci\u00f3n a la que sirvi\u00f3 por m\u00e1s de nueve a\u00f1os, no s\u00f3lo en estos momentos en los que viven el luto y la p\u00e9rdida, sino que se ampliar\u00e1 posteriormente, aunque no especific\u00f3 en qu\u00e9 consiste el apoyo ofrecido.<\/p>\n\n\n\n<p>\u201cHoy se queda en nuestros corazones el orgullo de un hombre valiente, con principios; nos deja un c\u00famulo de ense\u00f1anzas, recuerdos y hero\u00edsmo\u201d, fueron las palabras con las que despidieron al elemento que este s\u00e1bado muri\u00f3 luego de que una patrulla fuera ataca a balazos frente al m\u00f3dulo de polic\u00eda, ubicado en el municipio de San Jacinto Amilpas, ellos tras la persecuci\u00f3n a presuntos asaltantes de la gasolinera ubicada en la zona.<\/p>\n","protected":false},"excerpt":{"rendered":"<p>Evlin Arag\u00f3n\/Zona Roja. Oaxaca de Ju\u00e1rez, Oax., 13 de abril de 2020.- La pandemia del&hellip;<\/p>\n","protected":false},"author":2,"featured_media":11079,"comment_status":"closed","ping_status":"open","sticky":false,"template":"","format":"standard","meta":{"_lmt_disableupdate":"","_lmt_disable":"","_jetpack_memberships_contains_paid_content":false,"footnotes":""},"categories":[109,47],"tags":[175],"class_list":["post-11078","post","type-post","status-publish","format-standard","has-post-thumbnail","hentry","category-minuto-a-minuto","category-zona-gris","tag-secretaria-de-seguridad-publica-de-oaxaca"],"jetpack_featured_media_url":"https:\/\/zonaroja.com.mx\/wp-content\/uploads\/2020\/04\/3c1b8510-1927-4187-8e80-38ed8777fc57.jpg","jetpack_sharing_enabled":true,"_links":{"self":[{"href":"https:\/\/zonaroja.com.mx\/index.php?rest_route=\/wp\/v2\/posts\/11078","targetHints":{"allow":["GET"]}}],"collection":[{"href":"https:\/\/zonaroja.com.mx\/index.php?rest_route=\/wp\/v2\/posts"}],"about":[{"href":"https:\/\/zonaroja.com.mx\/index.php?rest_route=\/wp\/v2\/types\/post"}],"author":[{"embeddable":true,"href":"https:\/\/zonaroja.com.mx\/index.php?rest_route=\/wp\/v2\/users\/2"}],"replies":[{"embeddable":true,"href":"https:\/\/zonaroja.com.mx\/index.php?rest_route=%2Fwp%2Fv2%2Fcomments&post=11078"}],"version-history":[{"count":1,"href":"https:\/\/zonaroja.com.mx\/index.php?rest_route=\/wp\/v2\/posts\/11078\/revisions"}],"predecessor-version":[{"id":11080,"href":"https:\/\/zonaroja.com.mx\/index.php?rest_route=\/wp\/v2\/posts\/11078\/revisions\/11080"}],"wp:featuredmedia":[{"embeddable":true,"href":"https:\/\/zonaroja.com.mx\/index.php?rest_route=\/wp\/v2\/media\/11079"}],"wp:attachment":[{"href":"https:\/\/zonaroja.com.mx\/index.php?rest_route=%2Fwp%2Fv2%2Fmedia&parent=11078"}],"wp:term":[{"taxonomy":"category","embeddable":true,"href":"https:\/\/zonaroja.com.mx\/index.php?rest_route=%2Fwp%2Fv2%2Fcategories&post=11078"},{"taxonomy":"post_tag","embeddable":true,"href":"https:\/\/zonaroja.com.mx\/index.php?rest_route=%2Fwp%2Fv2%2Ftags&post=11078"}],"curies":[{"name":"wp","href":"https:\/\/api.w.org\/{rel}","templated":true}]}}