{"id":11084,"date":"2020-04-14T09:27:53","date_gmt":"2020-04-14T14:27:53","guid":{"rendered":"http:\/\/www.zonaroja.com.mx\/?p=11084"},"modified":"2020-04-14T09:27:58","modified_gmt":"2020-04-14T14:27:58","slug":"crea-poder-judicial-de-oaxaca-su-unidad-de-igualdad-de-genero","status":"publish","type":"post","link":"https:\/\/zonaroja.com.mx\/?p=11084","title":{"rendered":"Crea Poder Judicial de Oaxaca su Unidad de Igualdad de G\u00e9nero"},"content":{"rendered":"\n<p>Redacci\u00f3n\/Zona Roja.<\/p>\n\n\n\n<p>Oaxaca de Ju\u00e1rez, Oax., 14 de abril de\n2020.- Con el prop\u00f3sito de fortalecer la impartici\u00f3n de justicia con\nperspectiva de g\u00e9nero dentro del marco normativo nacional e internacional y\ngarante de los derechos humanos, el Poder Judicial de Oaxaca cre\u00f3 la Unidad de\nIgualdad de G\u00e9nero.<\/p>\n\n\n\n<p>El titular de ese poder, Eduardo\nPinacho S\u00e1nchez, nombr\u00f3 y tom\u00f3 protesta de ley a la maestra Sheila S\u00e1nchez\nL\u00f3pez, como titular de ese \u00f3rgano de nueva creaci\u00f3n en la instituci\u00f3n y que\ncoadyuvar\u00e1 en las acciones a favor de las mujeres y ni\u00f1as.<\/p>\n\n\n\n<p>Atendiendo las medidas establecidas por\nlas autoridades de Salud ante la emergencia sanitaria, el presidente del\nTribunal Superior de Justicia y del Consejo de la Judicatura, realiz\u00f3 este\nlunes la instalaci\u00f3n formal de dicha unidad que por primera vez se implementa\ndentro del PJE y la cual tendr\u00e1 un papel fundamental en pol\u00edticas internas y\njurisdiccionales en la materia.<\/p>\n\n\n\n<p>En su intervenci\u00f3n, el Magistrado\nPinacho S\u00e1nchez destac\u00f3 que la eliminaci\u00f3n de la violencia contra las mujeres,\nno es un tema exclusivo de ellas, sino que toda la sociedad.<\/p>\n\n\n\n<p>Por lo cual es compromiso de su\nadministraci\u00f3n impulsar y colaborar en acciones que favorezcan en su pleno\ndesarrollo y donde la justicia humana es uno de los pilares.<\/p>\n\n\n\n<p>Por su parte, luego de tomar protesta,\nla titular de la Unidad de Igualdad de G\u00e9nero -adscrita a la Direcci\u00f3n de\nDerechos Humanos del Consejo de la Judicatura del Poder Judicial- destac\u00f3 la\ntrascendencia de que por primera vez se cuente con esta instancia concebida\ncomo un mecanismo de adelanto para las mujeres, incluso no solo a nivel\ninterno, sino tambi\u00e9n a favor de quienes se encuentran en situaci\u00f3n de violencia.<\/p>\n\n\n\n<p>\u201cLa Unidad de Igualdad de G\u00e9nero fue\ncreada para implementar mecanismos y acciones legales tendientes a promover y a\neliminar todas aquellas barreras que enfrentan las mujeres y ni\u00f1as,\nprincipalmente quienes se encuentran en situaci\u00f3n de violencia, como es\ncompromiso del magistrado presidente y atendiendo este tema desde un enfoque\ndiferencial y de interseccionalidad\u201d, coment\u00f3.<\/p>\n\n\n\n<p>Puntualiz\u00f3 que otro de los objetivos es\npromover una justicia humana, incluyente y transformativa a partir de pol\u00edticas\ninstitucionales que van m\u00e1s all\u00e1 de solo acceder a la justicia, sino de atender\nlos temas centrales como es la reparaci\u00f3n integral diferenciada, establecida\npor la Suprema Corte de Justicia de la Naci\u00f3n y en diferentes jurisprudencias.<\/p>\n\n\n\n<p>La titular de la Unidad de Igualdad de\nG\u00e9nero hizo hincapi\u00e9 en el inter\u00e9s del titular del Poder Judicial del Estado de\nque los servicios judiciales no se queden paralizados en el per\u00edodo de\ncontingencia sanitaria, por lo cual se han impulsado acciones primordiales en\nla atenci\u00f3n de los asuntos de mujeres v\u00edctimas de violencia, pago de pensiones\nalimenticias y el r\u00e9gimen de visitas y convivencias.<\/p>\n\n\n\n<p>\u201cEsta \u00e1rea fungir\u00e1 como un aliado de\nlas y los juzgadores\u201d, enfatiz\u00f3 la especialista al destacar que el nuevo \u00f3rgano\ncontar\u00e1 con personal con conocimientos y sensibilizados en los temas de g\u00e9nero.\nAl acto acudi\u00f3 el director de Derechos Humanos, V\u00edctor Leonel Juan Mart\u00ednez.<\/p>\n","protected":false},"excerpt":{"rendered":"<p>Redacci\u00f3n\/Zona Roja. Oaxaca de Ju\u00e1rez, Oax., 14 de abril de 2020.- Con el prop\u00f3sito de&hellip;<\/p>\n","protected":false},"author":2,"featured_media":11085,"comment_status":"closed","ping_status":"open","sticky":false,"template":"","format":"standard","meta":{"_lmt_disableupdate":"","_lmt_disable":"","_jetpack_memberships_contains_paid_content":false,"footnotes":""},"categories":[109,46],"tags":[1369],"class_list":["post-11084","post","type-post","status-publish","format-standard","has-post-thumbnail","hentry","category-minuto-a-minuto","category-zona-blanca","tag-tribunal-superior-de-justicia-de-oaxacatsejo"],"jetpack_featured_media_url":"https:\/\/zonaroja.com.mx\/wp-content\/uploads\/2020\/04\/TOMA-PROTESTA-TITULAR-UNIDAD-DE-G\u00c9NERO.jpg","jetpack_sharing_enabled":true,"_links":{"self":[{"href":"https:\/\/zonaroja.com.mx\/index.php?rest_route=\/wp\/v2\/posts\/11084","targetHints":{"allow":["GET"]}}],"collection":[{"href":"https:\/\/zonaroja.com.mx\/index.php?rest_route=\/wp\/v2\/posts"}],"about":[{"href":"https:\/\/zonaroja.com.mx\/index.php?rest_route=\/wp\/v2\/types\/post"}],"author":[{"embeddable":true,"href":"https:\/\/zonaroja.com.mx\/index.php?rest_route=\/wp\/v2\/users\/2"}],"replies":[{"embeddable":true,"href":"https:\/\/zonaroja.com.mx\/index.php?rest_route=%2Fwp%2Fv2%2Fcomments&post=11084"}],"version-history":[{"count":1,"href":"https:\/\/zonaroja.com.mx\/index.php?rest_route=\/wp\/v2\/posts\/11084\/revisions"}],"predecessor-version":[{"id":11086,"href":"https:\/\/zonaroja.com.mx\/index.php?rest_route=\/wp\/v2\/posts\/11084\/revisions\/11086"}],"wp:featuredmedia":[{"embeddable":true,"href":"https:\/\/zonaroja.com.mx\/index.php?rest_route=\/wp\/v2\/media\/11085"}],"wp:attachment":[{"href":"https:\/\/zonaroja.com.mx\/index.php?rest_route=%2Fwp%2Fv2%2Fmedia&parent=11084"}],"wp:term":[{"taxonomy":"category","embeddable":true,"href":"https:\/\/zonaroja.com.mx\/index.php?rest_route=%2Fwp%2Fv2%2Fcategories&post=11084"},{"taxonomy":"post_tag","embeddable":true,"href":"https:\/\/zonaroja.com.mx\/index.php?rest_route=%2Fwp%2Fv2%2Ftags&post=11084"}],"curies":[{"name":"wp","href":"https:\/\/api.w.org\/{rel}","templated":true}]}}