{"id":11087,"date":"2020-04-14T09:38:13","date_gmt":"2020-04-14T14:38:13","guid":{"rendered":"http:\/\/www.zonaroja.com.mx\/?p=11087"},"modified":"2020-04-14T09:38:16","modified_gmt":"2020-04-14T14:38:16","slug":"prepara-la-cco-primera-exposicion-pictorica-virtual-paisajes-del-nuevo-mundo","status":"publish","type":"post","link":"https:\/\/zonaroja.com.mx\/?p=11087","title":{"rendered":"Prepara la CCO primera exposici\u00f3n pict\u00f3rica virtual \u201cPaisajes del nuevo mundo\u201d"},"content":{"rendered":"\n<p>Redacci\u00f3n\/Zona Roja.<\/p>\n\n\n\n<p>Oaxaca de Ju\u00e1rez, Oax., 14 de abril de\n2020.- La Casa de la Cultura Oaxaque\u00f1a acercar\u00e1 al p\u00fablico en general su\nprimera exposici\u00f3n pict\u00f3rica virtual \u201cPaisajes del nuevo mundo\u201d del artista\noaxaque\u00f1o Max Sanz, la cual se podr\u00e1 apreciar este martes 14 de abril en punto\nde las 19:00 horas a trav\u00e9s de la p\u00e1gina web de la instituci\u00f3n: www.oaxaca.gob.mx\/cco.<\/p>\n\n\n\n<p>Esto, en acompa\u00f1amiento a la jornada de\nSana Distancia y a las medidas de prevenci\u00f3n que la Secretar\u00eda de Salud federal\nha impulsado a nivel nacional ante la presencia del coronavirus&nbsp; COVID-19.<\/p>\n\n\n\n<p>La titular de la Secretar\u00eda de las\nCulturas y Artes de Oaxaca, Karla Villaca\u00f1a Quevedo, agradeci\u00f3 que en esta suma\nde esfuerzos est\u00e9 presente la solidaridad y el talento de los artistas\noaxaque\u00f1os como Max Sanz y a\u00f1adi\u00f3 que la situaci\u00f3n que actualmente se vive no\ndebe ser una limitante para disfrutar de las actividades culturales de nuestra\nentidad.<\/p>\n\n\n\n<p>Por su parte, el director general de la\nCasa de la Cultura Oaxaque\u00f1a, Emilio de Leo Blanco, destac\u00f3 que hoy m\u00e1s que\nnunca, las nuevas tecnolog\u00edas nos permiten abarcar a un p\u00fablico a nivel\ninternacional, por lo que hizo la invitaci\u00f3n para que las familias hagan un buen\nuso de sus dispositivos electr\u00f3nicos y puedan dar un recorrido virtual en esta\nla primera exposici\u00f3n digital de la Casa de la Cultura Oaxaque\u00f1a.<\/p>\n","protected":false},"excerpt":{"rendered":"<p>Redacci\u00f3n\/Zona Roja. Oaxaca de Ju\u00e1rez, Oax., 14 de abril de 2020.- La Casa de la&hellip;<\/p>\n","protected":false},"author":2,"featured_media":11088,"comment_status":"closed","ping_status":"open","sticky":false,"template":"","format":"standard","meta":{"_lmt_disableupdate":"","_lmt_disable":"","_jetpack_memberships_contains_paid_content":false,"footnotes":""},"categories":[109,46],"tags":[541],"class_list":["post-11087","post","type-post","status-publish","format-standard","has-post-thumbnail","hentry","category-minuto-a-minuto","category-zona-blanca","tag-casa-de-la-cultura-oaxaquena"],"jetpack_featured_media_url":"https:\/\/zonaroja.com.mx\/wp-content\/uploads\/2020\/04\/PHOTO-2020-04-13-19-14-24.jpg","jetpack_sharing_enabled":true,"_links":{"self":[{"href":"https:\/\/zonaroja.com.mx\/index.php?rest_route=\/wp\/v2\/posts\/11087","targetHints":{"allow":["GET"]}}],"collection":[{"href":"https:\/\/zonaroja.com.mx\/index.php?rest_route=\/wp\/v2\/posts"}],"about":[{"href":"https:\/\/zonaroja.com.mx\/index.php?rest_route=\/wp\/v2\/types\/post"}],"author":[{"embeddable":true,"href":"https:\/\/zonaroja.com.mx\/index.php?rest_route=\/wp\/v2\/users\/2"}],"replies":[{"embeddable":true,"href":"https:\/\/zonaroja.com.mx\/index.php?rest_route=%2Fwp%2Fv2%2Fcomments&post=11087"}],"version-history":[{"count":1,"href":"https:\/\/zonaroja.com.mx\/index.php?rest_route=\/wp\/v2\/posts\/11087\/revisions"}],"predecessor-version":[{"id":11089,"href":"https:\/\/zonaroja.com.mx\/index.php?rest_route=\/wp\/v2\/posts\/11087\/revisions\/11089"}],"wp:featuredmedia":[{"embeddable":true,"href":"https:\/\/zonaroja.com.mx\/index.php?rest_route=\/wp\/v2\/media\/11088"}],"wp:attachment":[{"href":"https:\/\/zonaroja.com.mx\/index.php?rest_route=%2Fwp%2Fv2%2Fmedia&parent=11087"}],"wp:term":[{"taxonomy":"category","embeddable":true,"href":"https:\/\/zonaroja.com.mx\/index.php?rest_route=%2Fwp%2Fv2%2Fcategories&post=11087"},{"taxonomy":"post_tag","embeddable":true,"href":"https:\/\/zonaroja.com.mx\/index.php?rest_route=%2Fwp%2Fv2%2Ftags&post=11087"}],"curies":[{"name":"wp","href":"https:\/\/api.w.org\/{rel}","templated":true}]}}