{"id":11090,"date":"2020-04-14T11:05:28","date_gmt":"2020-04-14T16:05:28","guid":{"rendered":"http:\/\/www.zonaroja.com.mx\/?p=11090"},"modified":"2020-04-14T11:18:38","modified_gmt":"2020-04-14T16:18:38","slug":"el-istmo-tiene-primer-fallecido-por-covid-19-es-trabajador-de-salud","status":"publish","type":"post","link":"https:\/\/zonaroja.com.mx\/?p=11090","title":{"rendered":"El Istmo tiene primer fallecido por Covid-19; es trabajador de salud"},"content":{"rendered":"\n<p>Evlin Arag\u00f3n\/Zona Roja<\/p>\n\n\n\n<p>Oaxaca de Ju\u00e1rez, Oax., \u201cQueremos\ncomunicarles que \u00e9sta ma\u00f1ana 14 de abril el t\u00e9cnico en mantenimiento del\nHospital \u00abDr. Macedonio Ben\u00edtez\u00bb y t\u00edo nuestro, Cuauht\u00e9moc de G. de\nla C. falleci\u00f3 por una complicaci\u00f3n respiratoria, posterior a su recuperaci\u00f3n\ndel Covid-19\u201d.<\/p>\n\n\n\n<p>Lo anterior es parte del mensaje con el\nque la familia de Gyves confirm\u00f3 un deceso m\u00e1s en la entidad a consecuencia del\ncoronavirus, ya que Cuauht\u00e9moc fue el segundo diagn\u00f3stico confirmado en la zona\ny quien muri\u00f3 esta ma\u00f1ana en el proceso de traslado a una unidad especializada\nen la capital de Oaxaca.<\/p>\n\n\n\n<p>Aprovecharon el breve comunicado para\nreconocer la labor heroica que en estos momentos realiza el personal al\ninterior de los hospitales de M\u00e9xico, ya que pese a las carencias de material,\nno bajan la guardia para proteger la vida de las y los enfermos, aunque ello\nponga en riesgo su integridad f\u00edsica.<\/p>\n\n\n\n<p>\u201cSirva este sencillo mensaje para\nreconocer y rendir nuestros respetos a la labor heroica que tanto Cuauht\u00e9moc como\ntodo el personal de salud, administrativo y de mantenimiento del Hospital \u201cDr. Macedonio\nBen\u00edtez\u201d, cl\u00ednica ISSSTE de Tehuantepec que incluso al riesgo de su vida se\nencuentran laborando para protegernos\u201d, refieren sus sobrinos Emilio, Lenin,\nV\u00edctor Polo e Irlanda Tal\u00eda de Gyves Montero.<\/p>\n\n\n\n<p>Al respecto pidieron a la sociedad en\ngeneral brindar todo el cari\u00f1o, empat\u00eda y solidaridad al personal de salud, de\nmantenimiento y administrativo de los hospitales en la regi\u00f3n del Istmo de\nTehuantepec, ya que sin importar arriesgar su vida en estos momentos se\nencuentran al pie del ca\u00f1\u00f3n.<\/p>\n\n\n\n<p>Explicaron que debido a la privacidad\nque protege a los pacientes diagnosticados por Covid-19, no hab\u00edan hecho\np\u00fablico el padecimiento de su familiar, sin embargo, la portaci\u00f3n del virus de\nsu t\u00edo fue confirmada por las autoridades estatales y aunque se encontraba en\nrecuperaci\u00f3n, complicaciones respiratorias terminaron esta ma\u00f1ana con su vida.<\/p>\n\n\n\n<p>Mientras que el hermano del hoy occiso,\nLeopoldo de Gyves, reconocido dirigente social en la regi\u00f3n del Istmo, public\u00f3\nen sus redes sociales las deficiencias que registran los hospitales en la zona\npara atender la contingencia y emergencia sanitaria a la par que reconoci\u00f3 la\nlabor heroica del personal que ah\u00ed labora.<\/p>\n\n\n\n<p>\u201cDejo constancia de mi inconformidad\npor estas carencias que sufren tanto el personal de salud como los propios\npacientes\u201d, expuso en redes sociales. <\/p>\n\n\n\n<p>Previamente narr\u00f3 su presencia en la\ncl\u00ednica del ISSSTE de Tehuantepec, donde se encontraba internado su hermano\ndesde hace ocho d\u00edas, con diagn\u00f3stico confirmado de&nbsp; coronavirus y una complicaci\u00f3n pulmonar\nbacteriana, por lo que incluso ser\u00eda trasladado a la capital del estado, sin\nembargo falleci\u00f3 antes.<\/p>\n\n\n\n<p>\u201cEn este momento, le est\u00e1n haciendo el\nprocedimiento de INTUBACI\u00d3N para despu\u00e9s trasladarlo al hospital Ju\u00e1rez, del\nISSSTE en la Ciudad de Oaxaca. Mi hermano apenas satura un 50 por ciento de\nox\u00edgeno a sus pulmones\u201d, public\u00f3 en sus redes previo a que le fuera informado\nel deceso de su familiar.<\/p>\n\n\n\n<p>Cuauht\u00e9moc se convertir\u00eda en la quinta v\u00edctima por coronavirus en la entidad, ya que hasta el d\u00eda de ayer el reporte con cifras oficiales era de 44 casos confirmados, 26 recuperados y cuatro decesos.<\/p>\n\n\n\n<p>Trascendi\u00f3 que la familia est\u00e1 convocando a una caravana para trasladar el cuerpo del fallecido a su \u00faltima morada este mismo d\u00eda, lo cual no ha sido confirmado.<\/p>\n","protected":false},"excerpt":{"rendered":"<p>Evlin Arag\u00f3n\/Zona Roja Oaxaca de Ju\u00e1rez, Oax., \u201cQueremos comunicarles que \u00e9sta ma\u00f1ana 14 de abril&hellip;<\/p>\n","protected":false},"author":2,"featured_media":9508,"comment_status":"closed","ping_status":"open","sticky":false,"template":"","format":"standard","meta":{"_lmt_disableupdate":"","_lmt_disable":"","_jetpack_memberships_contains_paid_content":false,"footnotes":""},"categories":[109,47],"tags":[],"class_list":["post-11090","post","type-post","status-publish","format-standard","has-post-thumbnail","hentry","category-minuto-a-minuto","category-zona-gris"],"jetpack_featured_media_url":"https:\/\/zonaroja.com.mx\/wp-content\/uploads\/2020\/03\/Coronavirus-Covid.jpg","jetpack_sharing_enabled":true,"_links":{"self":[{"href":"https:\/\/zonaroja.com.mx\/index.php?rest_route=\/wp\/v2\/posts\/11090","targetHints":{"allow":["GET"]}}],"collection":[{"href":"https:\/\/zonaroja.com.mx\/index.php?rest_route=\/wp\/v2\/posts"}],"about":[{"href":"https:\/\/zonaroja.com.mx\/index.php?rest_route=\/wp\/v2\/types\/post"}],"author":[{"embeddable":true,"href":"https:\/\/zonaroja.com.mx\/index.php?rest_route=\/wp\/v2\/users\/2"}],"replies":[{"embeddable":true,"href":"https:\/\/zonaroja.com.mx\/index.php?rest_route=%2Fwp%2Fv2%2Fcomments&post=11090"}],"version-history":[{"count":3,"href":"https:\/\/zonaroja.com.mx\/index.php?rest_route=\/wp\/v2\/posts\/11090\/revisions"}],"predecessor-version":[{"id":11093,"href":"https:\/\/zonaroja.com.mx\/index.php?rest_route=\/wp\/v2\/posts\/11090\/revisions\/11093"}],"wp:featuredmedia":[{"embeddable":true,"href":"https:\/\/zonaroja.com.mx\/index.php?rest_route=\/wp\/v2\/media\/9508"}],"wp:attachment":[{"href":"https:\/\/zonaroja.com.mx\/index.php?rest_route=%2Fwp%2Fv2%2Fmedia&parent=11090"}],"wp:term":[{"taxonomy":"category","embeddable":true,"href":"https:\/\/zonaroja.com.mx\/index.php?rest_route=%2Fwp%2Fv2%2Fcategories&post=11090"},{"taxonomy":"post_tag","embeddable":true,"href":"https:\/\/zonaroja.com.mx\/index.php?rest_route=%2Fwp%2Fv2%2Ftags&post=11090"}],"curies":[{"name":"wp","href":"https:\/\/api.w.org\/{rel}","templated":true}]}}