{"id":11101,"date":"2020-04-14T14:06:50","date_gmt":"2020-04-14T19:06:50","guid":{"rendered":"http:\/\/www.zonaroja.com.mx\/?p=11101"},"modified":"2020-04-14T14:06:53","modified_gmt":"2020-04-14T19:06:53","slug":"en-hospital-de-tuxtepec-trabajan-bajo-protesta-por-falta-de-insumos","status":"publish","type":"post","link":"https:\/\/zonaroja.com.mx\/?p=11101","title":{"rendered":"En hospital de Tuxtepec trabajan \u201cbajo protesta\u201d, por falta de insumos"},"content":{"rendered":"\n<p>Yuridiana Sosa\/Zona Roja.<\/p>\n\n\n\n<p>San Juan Bautista Tuxtepec, Oax., 14 de\nabril de 2020.- Integrantes de la Secci\u00f3n 35 del Sindicato Nacional de\nTrabajadores de la Secretar\u00eda de Salud (SNTSA) comenzaron una protesta pac\u00edfica\nen el Hospital General de Tuxtepec, para exigir a los gobiernos federal y\nestatal insumos a fin de enfrentar contingencia por Coronavirus.<\/p>\n\n\n\n<p>Los sindicalizados, adheridos a la\nsubsecci\u00f3n 03, colocaron lonas en el acceso principal al nosocomio para\ndenunciar las carencias, as\u00ed como declarar que sus actividades m\u00e9dicas las\nmantienen \u201cbajo protesta\u201d.<\/p>\n\n\n\n<p>En el \u00fanico nosocomio de segundo nivel\nen la regi\u00f3n de la Cuenca, dependiente de los Servicios de Salud de Oaxaca\n(SSO), padecen de personal m\u00e9dico, enfermeras, especialistas, insumos y equipo\nde protecci\u00f3n necesario y suficiente para la atenci\u00f3n de pacientes por\nCovid-19.<\/p>\n\n\n\n<p>El llamado lo realizaron de&nbsp;forma\ndirecta al presidente Andr\u00e9s Manuel L\u00f3pez Obrador, el gobernador Alejandro\nMurat y al director de los SSO, Donato Casas Escamilla.<\/p>\n\n\n\n<p>Tambi\u00e9n expusieron que por varios a\u00f1os\nhan brindado el servicio para los habitantes de toda la regi\u00f3n a pesar de las\nlimitaciones, como son la escasez de camas, infraestructura y material m\u00e9dico\nde curaci\u00f3n, mobiliarios y falta de recursos humanos.<\/p>\n\n\n\n<p>La protesta se registra a poco m\u00e1s de\nuna semana que el director del hospital de Tuxtepec, Iv\u00e1n \u00c1valos Flores,\nsolicit\u00f3 ayuda de la poblaci\u00f3n en general para la dotaci\u00f3n de equipo\nprofesional de protecci\u00f3n e insumos para el personal m\u00e9dico.<\/p>\n\n\n\n<p>SANITIZAN EN L\u00cdMITES<\/p>\n\n\n\n<p>Por otra parte, personal de la\nJurisdicci\u00f3n Sanitaria 03 comenz\u00f3 una jornada de sanitizaci\u00f3n del transporte\np\u00fablico urbano y taxis del municipio de Tuxtepec, as\u00ed como en autobuses que\nviajan hacia distintos municipios vecinos del estado de Veracruz de forma\nordinaria.<\/p>\n\n\n\n<p>Mismas acciones realizan en camionetas\nde pasaje mixto, que viajan a otras localidades de la Cuenca. El temor de los\ntuxtepecanos es ser contaminados debido a que en el estado vecino se presenta\nun mayor n\u00famero de infectados por coronavirus.<\/p>\n","protected":false},"excerpt":{"rendered":"<p>Yuridiana Sosa\/Zona Roja. San Juan Bautista Tuxtepec, Oax., 14 de abril de 2020.- Integrantes de&hellip;<\/p>\n","protected":false},"author":2,"featured_media":11102,"comment_status":"closed","ping_status":"open","sticky":false,"template":"","format":"standard","meta":{"_lmt_disableupdate":"","_lmt_disable":"","_jetpack_memberships_contains_paid_content":false,"footnotes":""},"categories":[109,47],"tags":[1512],"class_list":["post-11101","post","type-post","status-publish","format-standard","has-post-thumbnail","hentry","category-minuto-a-minuto","category-zona-gris","tag-coronavirus-oaxaca"],"jetpack_featured_media_url":"https:\/\/zonaroja.com.mx\/wp-content\/uploads\/2020\/04\/24c8b0e7-67be-456d-9bac-726d17938275.jpg","jetpack_sharing_enabled":true,"_links":{"self":[{"href":"https:\/\/zonaroja.com.mx\/index.php?rest_route=\/wp\/v2\/posts\/11101","targetHints":{"allow":["GET"]}}],"collection":[{"href":"https:\/\/zonaroja.com.mx\/index.php?rest_route=\/wp\/v2\/posts"}],"about":[{"href":"https:\/\/zonaroja.com.mx\/index.php?rest_route=\/wp\/v2\/types\/post"}],"author":[{"embeddable":true,"href":"https:\/\/zonaroja.com.mx\/index.php?rest_route=\/wp\/v2\/users\/2"}],"replies":[{"embeddable":true,"href":"https:\/\/zonaroja.com.mx\/index.php?rest_route=%2Fwp%2Fv2%2Fcomments&post=11101"}],"version-history":[{"count":1,"href":"https:\/\/zonaroja.com.mx\/index.php?rest_route=\/wp\/v2\/posts\/11101\/revisions"}],"predecessor-version":[{"id":11103,"href":"https:\/\/zonaroja.com.mx\/index.php?rest_route=\/wp\/v2\/posts\/11101\/revisions\/11103"}],"wp:featuredmedia":[{"embeddable":true,"href":"https:\/\/zonaroja.com.mx\/index.php?rest_route=\/wp\/v2\/media\/11102"}],"wp:attachment":[{"href":"https:\/\/zonaroja.com.mx\/index.php?rest_route=%2Fwp%2Fv2%2Fmedia&parent=11101"}],"wp:term":[{"taxonomy":"category","embeddable":true,"href":"https:\/\/zonaroja.com.mx\/index.php?rest_route=%2Fwp%2Fv2%2Fcategories&post=11101"},{"taxonomy":"post_tag","embeddable":true,"href":"https:\/\/zonaroja.com.mx\/index.php?rest_route=%2Fwp%2Fv2%2Ftags&post=11101"}],"curies":[{"name":"wp","href":"https:\/\/api.w.org\/{rel}","templated":true}]}}