{"id":11111,"date":"2020-04-14T18:48:13","date_gmt":"2020-04-14T23:48:13","guid":{"rendered":"http:\/\/www.zonaroja.com.mx\/?p=11111"},"modified":"2020-04-14T18:48:40","modified_gmt":"2020-04-14T23:48:40","slug":"dos-asesinados-en-cuenca-entre-ellos-una-mujer-y-adolescente-baleado-en-valles","status":"publish","type":"post","link":"https:\/\/zonaroja.com.mx\/?p=11111","title":{"rendered":"Dos asesinados en Cuenca, entre ellos una mujer, y adolescente baleado en Valles"},"content":{"rendered":"\n<p>Redacci\u00f3n\/Zona Roja.<\/p>\n\n\n\n<p>Oaxaca de Ju\u00e1rez, Oax., 14 de abril de\n2020.- Un menor baleado en la regi\u00f3n Valles Centrales, dos personas asesinadas\nen la Cuenca &#8211;entre ellas una mujer&#8211; y una ri\u00f1a entre taxistas, es el saldo\nviolento de este martes.<\/p>\n\n\n\n<p>Esta tarde, sobre la carretera federal\n190, Oaxaca-Istmo, a la altura del crucero de San Mateo Macuilx\u00f3chitl, sujetos\narmados rafaguearon una camioneta, en la que result\u00f3 lesionado un menor de 17\na\u00f1os de edad, de nombre Luis O. C.<\/p>\n\n\n\n<p>La unidad de motor, tipo redilas,\ntransitaba hacia el oriente cuando fue alcanzado por las balas, por lo cual\nsali\u00f3 de la cinta asf\u00e1ltica y registra al menos siete orificios; el adolescente\nfue apoyado para salir del veh\u00edculo.<\/p>\n\n\n\n<p>Param\u00e9dicos de la Cruz Roja Mexicana\narribaron para darle los primeros auxilios y trasladarlo hacia la capital del\nestado. Los presuntos agresores viajaban en un coche color negro, con vidrios\npolarizados y se dieron a la fuga con rumbo a Tlacolula.<\/p>\n\n\n\n<p>LOS ASESINATOS<\/p>\n\n\n\n<p>En tanto, la tarde de este martes,\nsobre el bulevar S\u00f3stenes Bravo del municipio de San Juan Bautista Tuxtepec, en\nla Cuenca, fue localizado el cuerpo sin vida de una persona en avanzado estado\nde descomposici\u00f3n, adem\u00e1s, presentaba disparos de arma de fuego. <\/p>\n\n\n\n<p>De manera preliminar se inform\u00f3 que se trata de Isabel P\u00e9rez L\u00f3pez, de 35 a\u00f1os de edad, madre de familia que desapareci\u00f3 el jueves 10 de abril por la noche de la ciudad de Tuxtepec; presuntamente hab\u00eda sido \u201clevantada\u201d.<\/p>\n\n\n\n<figure class=\"wp-block-image\"><img decoding=\"async\" width=\"944\" height=\"1024\" src=\"http:\/\/www.zonaroja.com.mx\/wp-content\/uploads\/2020\/04\/PHOTO-2020-04-14-18-37-39-944x1024.jpg\" alt=\"\" class=\"wp-image-11112\" srcset=\"https:\/\/zonaroja.com.mx\/wp-content\/uploads\/2020\/04\/PHOTO-2020-04-14-18-37-39.jpg 944w, https:\/\/zonaroja.com.mx\/wp-content\/uploads\/2020\/04\/PHOTO-2020-04-14-18-37-39-277x300.jpg 277w, https:\/\/zonaroja.com.mx\/wp-content\/uploads\/2020\/04\/PHOTO-2020-04-14-18-37-39-768x833.jpg 768w, https:\/\/zonaroja.com.mx\/wp-content\/uploads\/2020\/04\/PHOTO-2020-04-14-18-37-39-585x635.jpg 585w\" sizes=\"(max-width: 944px) 100vw, 944px\" \/><\/figure>\n\n\n\n<p>Tambi\u00e9n en la regi\u00f3n de la Cuenca, en\nel municipio de San Jos\u00e9 Chiltepec fue ejecutado un var\u00f3n mientras laboraba en\nun banco de arena en el paraje \u201cLas Margaritas\u201d; el hombre fue identificado\ncomo Jos\u00e9 Antonio J. T., quien conduc\u00eda un cami\u00f3n volteo.<\/p>\n\n\n\n<p>M\u00c1S AGRESIONES<\/p>\n\n\n\n<p>Mientras tanto, en la carretera federal\n175, en inmediaciones de San Bartolo Coyotepec, por la zona de hospitales, dos\ngrupos de mototaxistas y taxistas disputaron a golpes la ruta de pasaje, en\nmedio de la contingencia por coronavirus.<\/p>\n\n\n\n<p>Con armas y palos, se confrontaron\npresuntamente porque una unidad de motor invadi\u00f3 ruta.<\/p>\n\n\n\n<p>En tanto anoche, en el Centro Hist\u00f3rico\nde la capital, Fidel Alexander R. J. y otro, taxistas del sitio \u201cCasco Hacienda\nBlanca\u201d, con n\u00famero econ\u00f3mico 09-632, sin placas de circulaci\u00f3n, fue detenido\ntras presuntamente asaltar una tienda Oxxo, en la calle Zaragoza y D\u00edaz Ordaz.<\/p>\n\n\n\n<p>Los hechos ocurrieron alrededor de las\n22:00 horas cuando los dos sujetos huyeron en el taxi afiliado a CATEM, pero a\nunos pasos de una sede de la Fiscal\u00eda General del Estado, en Arista y J.P.\nGarc\u00eda, chocaron con una camioneta de pasajeros de \u201cL\u00edneas Unidas\u201d.<\/p>\n\n\n\n<p>Ello fue aprovechado para detener a\nFidel Alexander, mientras el segundo sujeto, Andr\u00e9s Amador G. A. se ech\u00f3 a\ncorrer pero fue alcanzado cuadras adelante. Ambos ten\u00edan armas de fuego en su\npoder y fueron identificados por los empleados de la tienda Oxxo.<\/p>\n","protected":false},"excerpt":{"rendered":"<p>Redacci\u00f3n\/Zona Roja. Oaxaca de Ju\u00e1rez, Oax., 14 de abril de 2020.- Un menor baleado en&hellip;<\/p>\n","protected":false},"author":2,"featured_media":11113,"comment_status":"closed","ping_status":"open","sticky":false,"template":"","format":"standard","meta":{"_lmt_disableupdate":"","_lmt_disable":"","_jetpack_memberships_contains_paid_content":false,"footnotes":""},"categories":[109,51],"tags":[1616,1617],"class_list":["post-11111","post","type-post","status-publish","format-standard","has-post-thumbnail","hentry","category-minuto-a-minuto","category-zona-roja","tag-san-jose-chiltepec","tag-san-mateo-macuilxochitl"],"jetpack_featured_media_url":"https:\/\/zonaroja.com.mx\/wp-content\/uploads\/2020\/04\/IMG_2024.jpg","jetpack_sharing_enabled":true,"_links":{"self":[{"href":"https:\/\/zonaroja.com.mx\/index.php?rest_route=\/wp\/v2\/posts\/11111","targetHints":{"allow":["GET"]}}],"collection":[{"href":"https:\/\/zonaroja.com.mx\/index.php?rest_route=\/wp\/v2\/posts"}],"about":[{"href":"https:\/\/zonaroja.com.mx\/index.php?rest_route=\/wp\/v2\/types\/post"}],"author":[{"embeddable":true,"href":"https:\/\/zonaroja.com.mx\/index.php?rest_route=\/wp\/v2\/users\/2"}],"replies":[{"embeddable":true,"href":"https:\/\/zonaroja.com.mx\/index.php?rest_route=%2Fwp%2Fv2%2Fcomments&post=11111"}],"version-history":[{"count":1,"href":"https:\/\/zonaroja.com.mx\/index.php?rest_route=\/wp\/v2\/posts\/11111\/revisions"}],"predecessor-version":[{"id":11114,"href":"https:\/\/zonaroja.com.mx\/index.php?rest_route=\/wp\/v2\/posts\/11111\/revisions\/11114"}],"wp:featuredmedia":[{"embeddable":true,"href":"https:\/\/zonaroja.com.mx\/index.php?rest_route=\/wp\/v2\/media\/11113"}],"wp:attachment":[{"href":"https:\/\/zonaroja.com.mx\/index.php?rest_route=%2Fwp%2Fv2%2Fmedia&parent=11111"}],"wp:term":[{"taxonomy":"category","embeddable":true,"href":"https:\/\/zonaroja.com.mx\/index.php?rest_route=%2Fwp%2Fv2%2Fcategories&post=11111"},{"taxonomy":"post_tag","embeddable":true,"href":"https:\/\/zonaroja.com.mx\/index.php?rest_route=%2Fwp%2Fv2%2Ftags&post=11111"}],"curies":[{"name":"wp","href":"https:\/\/api.w.org\/{rel}","templated":true}]}}